{"id":11822,"date":"2023-11-03T11:17:47","date_gmt":"2023-11-03T10:17:47","guid":{"rendered":"https:\/\/www.petervasara.hu\/2013\/?p=11822"},"modified":"2024-02-07T08:55:32","modified_gmt":"2024-02-07T07:55:32","slug":"kamarai-ugyfelszolgalat-nyilt-varosunkban","status":"publish","type":"post","link":"https:\/\/www.petervasara.hu\/2013\/?p=11822","title":{"rendered":"Kamarai \u00fcgyf\u00e9lszolg\u00e1lat ny\u00edlt v\u00e1rosunkban"},"content":{"rendered":"\n<h4 id=\"a-hkik-egy-folyamatosan-elerheto-tersegi-menedzseren-keresztul-es-hetente-egyszer-helyi-ugyfelszolgalattal-szeretne-segiteni-a-cegek-napi-mukodeset-valamint-felmerni-a-jarasok-vallalkozasainak-szukse\" class=\"wp-block-heading\">A HKIK egy folyamatosan el\u00e9rhet\u0151 t\u00e9rs\u00e9gi menedzseren kereszt\u00fcl \u00e9s hetente egyszer helyi \u00fcgyf\u00e9lszolg\u00e1lattal szeretn\u00e9 seg\u00edteni a c\u00e9gek napi m\u0171k\u00f6d\u00e9s\u00e9t, valamint felm\u00e9rni a j\u00e1r\u00e1sok v\u00e1llalkoz\u00e1sainak sz\u00fcks\u00e9gleteit, ig\u00e9nyeit \u00e9s probl\u00e9m\u00e1it.<\/h4>\n\n\n\n<p>A kamara a v\u00e1llalkoz\u00e1sok hat\u00e9konys\u00e1g\u00e1nak n\u00f6vel\u00e9se, a munkav\u00e1llal\u00f3k lojalit\u00e1s\u00e1nak meger\u0151s\u00edt\u00e9se \u00e9rdek\u00e9ben menedzsment k\u00e9pz\u00e9seket, \u00e9s szakmai tr\u00e9ningeket szervez, emellett t\u00e9rs\u00e9gi v\u00e1llalkoz\u00f3i klubok elind\u00edt\u00e1s\u00e1t tervezi.<\/p>\n\n\n\n<p>A Heves V\u00e1rmegyei Kereskedelmi \u00e9s Iparkamara egy 30 \u00e9ves m\u00falttal rendelkez\u0151 er\u0151s v\u00e1llalkoz\u00f3i \u00e9s emberi k\u00f6z\u00f6ss\u00e9g, mely most m\u00e1r 7 helysz\u00ednen v\u00e1rja a v\u00e1llalkoz\u00e1sokat. A kamar\u00e1val val\u00f3 egy\u00fcttm\u0171k\u00f6d\u00e9s egy kiv\u00e1l\u00f3 lehet\u0151s\u00e9g, hisz hossz\u00fa t\u00e1v\u00fa gazdas\u00e1gi fejl\u0151d\u00e9s nincs egy j\u00f3l m\u0171k\u00f6d\u0151, er\u0151s helyi h\u00e1tt\u00e9rt\u00e1mogat\u00e1s n\u00e9lk\u00fcl.<\/p>\n\n\n\n<p><strong>Az \u00fcgyf\u00e9lszolg\u00e1latokon az al\u00e1bbi \u00fcgyekkel tudj\u00e1k seg\u00edteni a v\u00e1llalkoz\u00e1sokat.<\/strong><\/p>\n\n\n\n<ul>\n<li>P\u00e1ly\u00e1zati tan\u00e1csad\u00e1s, p\u00e1ly\u00e1zatfigyel\u00e9s<\/li>\n\n\n\n<li>\u00dczleti partnerkeres\u00e9s<\/li>\n\n\n\n<li>Ad\u00f3tan\u00e1csad\u00e1s<\/li>\n\n\n\n<li>Jogi tan\u00e1csad\u00e1s munkajogi k\u00e9rd\u00e9sekben<\/li>\n\n\n\n<li>Sz\u00e9chenyi K\u00e1rtya Hitelprogram<\/li>\n\n\n\n<li>Seg\u00edts\u00e9g egy\u00e9ni v\u00e1llalkoz\u00e1s ind\u00edt\u00e1s\u00e1hoz<\/li>\n\n\n\n<li>Tan\u00e1csad\u00e1s szakk\u00e9pz\u00e9s, feln\u0151ttk\u00e9pz\u00e9s tekintet\u00e9ben (du\u00e1lis k\u00e9pz\u00e9s)<\/li>\n\n\n\n<li>R\u00e9szv\u00e9teli lehet\u0151s\u00e9g a kamara p\u00e1lyaorient\u00e1ci\u00f3s programjaiban (megold\u00e1s a munkaer\u0151hi\u00e1nyra)<\/li>\n\n\n\n<li>Bekapcsol\u00f3dhat szakmai programjainkba (v\u00e1llalkoz\u00e1sfejleszt\u00e9s, finansz\u00edroz\u00e1s, k\u00fclpiaci kapcsolatok, munkaer\u0151piac)<\/li>\n\n\n\n<li>\u00c9p\u00edt\u0151ipari kivitelez\u0151k v\u00e1llalkoz\u00e1sok nyilv\u00e1ntart\u00e1sba v\u00e9tele<\/li>\n\n\n\n<li>K\u00f6telez\u0151 kamarai regisztr\u00e1ci\u00f3<\/li>\n\n\n\n<li>\u00d6nk\u00e9ntes kamarai tags\u00e1g el\u0151nyei<\/li>\n\n\n\n<li>Teljes\u00edt\u00e9sigazol\u00e1si Szak\u00e9rt\u0151i Szerv (TSZSZ) \u00e9p\u00edt\u0151ipari vit\u00e1k rendez\u00e9s\u00e9ben<\/li>\n\n\n\n<li>B\u00e9k\u00e9ltet\u0151 Test\u00fclet fogyaszt\u00f3i vit\u00e1k eset\u00e9ben<\/li>\n<\/ul>\n\n\n\n<p class=\"has-luminous-vivid-amber-to-luminous-vivid-orange-gradient-background has-background\"><strong>\u00dcgyf\u00e9lfogad\u00e1s:<\/strong><br><strong>\u2013 P\u00e9terv\u00e1s\u00e1ra Polg\u00e1rmesteri Hivatal<\/strong><br><strong>\u2013 3250 P\u00e9terv\u00e1s\u00e1ra, Szabads\u00e1g t\u00e9r 1.<\/strong><br><strong>\u2013 \u00dcgyf\u00e9lfogad\u00e1si id\u0151: Minden kedden 9:00 \u2013 15:00<\/strong><\/p>\n\n\n\n<p>B\u0151vebb inform\u00e1ci\u00f3k <a href=\"https:\/\/www.hkik.hu\/kamarai-ugyfelszolgalat-nyilt-petervasaran\/\" target=\"_blank\" rel=\"noreferrer noopener\">a kamara honlapj\u00e1n<\/a> olvashat\u00f3ak <\/p>\n","protected":false},"excerpt":{"rendered":"A HKIK egy folyamatosan el\u00e9rhet\u0151 t\u00e9rs\u00e9gi menedzseren kereszt\u00fcl \u00e9s hetente egyszer helyi \u00fcgyf\u00e9lszolg\u00e1lattal szeretn\u00e9 seg\u00edteni a c\u00e9gek napi&hellip;\n","protected":false},"author":1,"featured_media":11823,"comment_status":"closed","ping_status":"open","sticky":false,"template":"","format":"standard","meta":{"footnotes":""},"categories":[2],"tags":[241,50,269,212,210],"views":500,"_links":{"self":[{"href":"https:\/\/www.petervasara.hu\/2013\/index.php?rest_route=\/wp\/v2\/posts\/11822"}],"collection":[{"href":"https:\/\/www.petervasara.hu\/2013\/index.php?rest_route=\/wp\/v2\/posts"}],"about":[{"href":"https:\/\/www.petervasara.hu\/2013\/index.php?rest_route=\/wp\/v2\/types\/post"}],"author":[{"embeddable":true,"href":"https:\/\/www.petervasara.hu\/2013\/index.php?rest_route=\/wp\/v2\/users\/1"}],"replies":[{"embeddable":true,"href":"https:\/\/www.petervasara.hu\/2013\/index.php?rest_route=%2Fwp%2Fv2%2Fcomments&post=11822"}],"version-history":[{"count":2,"href":"https:\/\/www.petervasara.hu\/2013\/index.php?rest_route=\/wp\/v2\/posts\/11822\/revisions"}],"predecessor-version":[{"id":11825,"href":"https:\/\/www.petervasara.hu\/2013\/index.php?rest_route=\/wp\/v2\/posts\/11822\/revisions\/11825"}],"wp:featuredmedia":[{"embeddable":true,"href":"https:\/\/www.petervasara.hu\/2013\/index.php?rest_route=\/wp\/v2\/media\/11823"}],"wp:attachment":[{"href":"https:\/\/www.petervasara.hu\/2013\/index.php?rest_route=%2Fwp%2Fv2%2Fmedia&parent=11822"}],"wp:term":[{"taxonomy":"category","embeddable":true,"href":"https:\/\/www.petervasara.hu\/2013\/index.php?rest_route=%2Fwp%2Fv2%2Fcategories&post=11822"},{"taxonomy":"post_tag","embeddable":true,"href":"https:\/\/www.petervasara.hu\/2013\/index.php?rest_route=%2Fwp%2Fv2%2Ftags&post=11822"}],"curies":[{"name":"wp","href":"https:\/\/api.w.org\/{rel}","templated":true}]}}