{"id":11797,"date":"2023-10-16T09:52:01","date_gmt":"2023-10-16T07:52:01","guid":{"rendered":"https:\/\/www.petervasara.hu\/2013\/?p=11797"},"modified":"2024-02-07T08:55:32","modified_gmt":"2024-02-07T07:55:32","slug":"meghivo-oktober-23-ai-unnepseg-6","status":"publish","type":"post","link":"https:\/\/www.petervasara.hu\/2013\/?p=11797","title":{"rendered":"Megh\u00edv\u00f3 &#8211; okt\u00f3ber 23-ai \u00fcnneps\u00e9g"},"content":{"rendered":"\n<p>P\u00e9terv\u00e1s\u00e1ra V\u00e1ros \u00d6nkorm\u00e1nyzata szeretettel megh\u00edvja \u00d6nt \u00e9s csal\u00e1dj\u00e1t az 1956-os forradalom \u00e9s szabads\u00e1gharc alkalm\u00e1b\u00f3l rendezett v\u00e1rosi \u00fcnneps\u00e9gre 2023. okt\u00f3ber 20-\u00e1n (p\u00e9nteken) 15 \u00f3r\u00e1t\u00f3l a M\u0171vel\u0151d\u00e9si H\u00e1zba.<\/p>\n\n\n\n<figure class=\"wp-block-image size-large\"><a href=\"https:\/\/www.petervasara.hu\/2013\/wp-content\/uploads\/2023\/10\/PLAKat.jpg\"><img loading=\"lazy\" decoding=\"async\" width=\"719\" height=\"1024\" src=\"https:\/\/www.petervasara.hu\/2013\/wp-content\/uploads\/2023\/10\/PLAKat-719x1024.jpg\" alt=\"\" class=\"wp-image-11798\" srcset=\"https:\/\/www.petervasara.hu\/2013\/wp-content\/uploads\/2023\/10\/PLAKat-719x1024.jpg 719w, https:\/\/www.petervasara.hu\/2013\/wp-content\/uploads\/2023\/10\/PLAKat-211x300.jpg 211w, https:\/\/www.petervasara.hu\/2013\/wp-content\/uploads\/2023\/10\/PLAKat-768x1094.jpg 768w, https:\/\/www.petervasara.hu\/2013\/wp-content\/uploads\/2023\/10\/PLAKat-1078x1536.jpg 1078w, https:\/\/www.petervasara.hu\/2013\/wp-content\/uploads\/2023\/10\/PLAKat-380x542.jpg 380w, https:\/\/www.petervasara.hu\/2013\/wp-content\/uploads\/2023\/10\/PLAKat-800x1140.jpg 800w, https:\/\/www.petervasara.hu\/2013\/wp-content\/uploads\/2023\/10\/PLAKat-1160x1653.jpg 1160w, https:\/\/www.petervasara.hu\/2013\/wp-content\/uploads\/2023\/10\/PLAKat.jpg 1200w\" sizes=\"(max-width: 719px) 100vw, 719px\" \/><\/a><\/figure>\n","protected":false},"excerpt":{"rendered":"P\u00e9terv\u00e1s\u00e1ra V\u00e1ros \u00d6nkorm\u00e1nyzata szeretettel megh\u00edvja \u00d6nt \u00e9s csal\u00e1dj\u00e1t az 1956-os forradalom \u00e9s szabads\u00e1gharc alkalm\u00e1b\u00f3l rendezett v\u00e1rosi \u00fcnneps\u00e9gre 2023.&hellip;\n","protected":false},"author":1,"featured_media":7010,"comment_status":"closed","ping_status":"open","sticky":false,"template":"","format":"standard","meta":{"footnotes":""},"categories":[2],"tags":[241,162,88,83],"views":495,"_links":{"self":[{"href":"https:\/\/www.petervasara.hu\/2013\/index.php?rest_route=\/wp\/v2\/posts\/11797"}],"collection":[{"href":"https:\/\/www.petervasara.hu\/2013\/index.php?rest_route=\/wp\/v2\/posts"}],"about":[{"href":"https:\/\/www.petervasara.hu\/2013\/index.php?rest_route=\/wp\/v2\/types\/post"}],"author":[{"embeddable":true,"href":"https:\/\/www.petervasara.hu\/2013\/index.php?rest_route=\/wp\/v2\/users\/1"}],"replies":[{"embeddable":true,"href":"https:\/\/www.petervasara.hu\/2013\/index.php?rest_route=%2Fwp%2Fv2%2Fcomments&post=11797"}],"version-history":[{"count":1,"href":"https:\/\/www.petervasara.hu\/2013\/index.php?rest_route=\/wp\/v2\/posts\/11797\/revisions"}],"predecessor-version":[{"id":11799,"href":"https:\/\/www.petervasara.hu\/2013\/index.php?rest_route=\/wp\/v2\/posts\/11797\/revisions\/11799"}],"wp:featuredmedia":[{"embeddable":true,"href":"https:\/\/www.petervasara.hu\/2013\/index.php?rest_route=\/wp\/v2\/media\/7010"}],"wp:attachment":[{"href":"https:\/\/www.petervasara.hu\/2013\/index.php?rest_route=%2Fwp%2Fv2%2Fmedia&parent=11797"}],"wp:term":[{"taxonomy":"category","embeddable":true,"href":"https:\/\/www.petervasara.hu\/2013\/index.php?rest_route=%2Fwp%2Fv2%2Fcategories&post=11797"},{"taxonomy":"post_tag","embeddable":true,"href":"https:\/\/www.petervasara.hu\/2013\/index.php?rest_route=%2Fwp%2Fv2%2Ftags&post=11797"}],"curies":[{"name":"wp","href":"https:\/\/api.w.org\/{rel}","templated":true}]}}