{"id":11711,"date":"2023-08-15T13:42:13","date_gmt":"2023-08-15T11:42:13","guid":{"rendered":"https:\/\/www.petervasara.hu\/2013\/?p=11711"},"modified":"2024-02-07T08:55:33","modified_gmt":"2024-02-07T07:55:33","slug":"meghivo-augusztus-20-ai-unnepseg-4","status":"publish","type":"post","link":"https:\/\/www.petervasara.hu\/2013\/?p=11711","title":{"rendered":"Megh\u00edv\u00f3 &#8211; augusztus 20-ai \u00fcnneps\u00e9g"},"content":{"rendered":"\n<p>P\u00e9terv\u00e1s\u00e1ra V\u00e1ros \u00d6nkorm\u00e1nyzata szeretettel megh\u00edvja \u00d6nt \u00e9s csal\u00e1dj\u00e1t <\/p>\n\n\n\n<p class=\"has-text-align-center has-luminous-vivid-orange-to-vivid-red-gradient-background has-background\"><strong>2023. augusztus 20-\u00e1n (vas\u00e1rnap) 9 \u00f3r\u00e1t\u00f3l<\/strong><br>a p\u00e9terv\u00e1s\u00e1rai R\u00f3mai Katolikus Templomba<br><strong>\u00c1LLAMALAP\u00cdT\u00d3 KIR\u00c1LYUNK \u00c9S AZ \u00daJ KENY\u00c9R \u00dcNNEPE<\/strong><br><br>alkalm\u00e1b\u00f3l tartand\u00f3 szentmis\u00e9re \u00e9s az azt k\u00f6vet\u0151 keny\u00e9rszentel\u00e9sre<\/p>\n\n\n\n<p>\u00dcnnepi besz\u00e9det mond: Eged Istv\u00e1n polg\u00e1rmester<br>A szentmis\u00e9t cerebr\u00e1lja: Feh\u00e9r R\u00f3bert pl\u00e9b\u00e1nos<\/p>\n\n\n\n<p><strong>Az \u00fcnnepi t\u0171zij\u00e1t\u00e9k 21 \u00f3r\u00e1t\u00f3l lesz l\u00e1that\u00f3.<\/strong><\/p>\n\n\n\n<figure class=\"wp-block-image size-large\"><a href=\"https:\/\/www.petervasara.hu\/2013\/wp-content\/uploads\/2023\/08\/plakatESPERES-2023aug20-1-scaled.jpg\"><img loading=\"lazy\" decoding=\"async\" width=\"725\" height=\"1024\" src=\"https:\/\/www.petervasara.hu\/2013\/wp-content\/uploads\/2023\/08\/plakatESPERES-2023aug20-1-725x1024.jpg\" alt=\"\" class=\"wp-image-11715\" srcset=\"https:\/\/www.petervasara.hu\/2013\/wp-content\/uploads\/2023\/08\/plakatESPERES-2023aug20-1-725x1024.jpg 725w, https:\/\/www.petervasara.hu\/2013\/wp-content\/uploads\/2023\/08\/plakatESPERES-2023aug20-1-212x300.jpg 212w, https:\/\/www.petervasara.hu\/2013\/wp-content\/uploads\/2023\/08\/plakatESPERES-2023aug20-1-768x1085.jpg 768w, https:\/\/www.petervasara.hu\/2013\/wp-content\/uploads\/2023\/08\/plakatESPERES-2023aug20-1-1087x1536.jpg 1087w, https:\/\/www.petervasara.hu\/2013\/wp-content\/uploads\/2023\/08\/plakatESPERES-2023aug20-1-1450x2048.jpg 1450w, https:\/\/www.petervasara.hu\/2013\/wp-content\/uploads\/2023\/08\/plakatESPERES-2023aug20-1-380x537.jpg 380w, https:\/\/www.petervasara.hu\/2013\/wp-content\/uploads\/2023\/08\/plakatESPERES-2023aug20-1-800x1130.jpg 800w, https:\/\/www.petervasara.hu\/2013\/wp-content\/uploads\/2023\/08\/plakatESPERES-2023aug20-1-1160x1639.jpg 1160w, https:\/\/www.petervasara.hu\/2013\/wp-content\/uploads\/2023\/08\/plakatESPERES-2023aug20-1-scaled.jpg 1812w\" sizes=\"(max-width: 725px) 100vw, 725px\" \/><\/a><\/figure>\n","protected":false},"excerpt":{"rendered":"P\u00e9terv\u00e1s\u00e1ra V\u00e1ros \u00d6nkorm\u00e1nyzata szeretettel megh\u00edvja \u00d6nt \u00e9s csal\u00e1dj\u00e1t 2023. augusztus 20-\u00e1n (vas\u00e1rnap) 9 \u00f3r\u00e1t\u00f3la p\u00e9terv\u00e1s\u00e1rai R\u00f3mai Katolikus Templomba\u00c1LLAMALAP\u00cdT\u00d3&hellip;\n","protected":false},"author":1,"featured_media":6040,"comment_status":"closed","ping_status":"open","sticky":false,"template":"","format":"standard","meta":{"footnotes":""},"categories":[2],"tags":[241,162,83],"views":708,"_links":{"self":[{"href":"https:\/\/www.petervasara.hu\/2013\/index.php?rest_route=\/wp\/v2\/posts\/11711"}],"collection":[{"href":"https:\/\/www.petervasara.hu\/2013\/index.php?rest_route=\/wp\/v2\/posts"}],"about":[{"href":"https:\/\/www.petervasara.hu\/2013\/index.php?rest_route=\/wp\/v2\/types\/post"}],"author":[{"embeddable":true,"href":"https:\/\/www.petervasara.hu\/2013\/index.php?rest_route=\/wp\/v2\/users\/1"}],"replies":[{"embeddable":true,"href":"https:\/\/www.petervasara.hu\/2013\/index.php?rest_route=%2Fwp%2Fv2%2Fcomments&post=11711"}],"version-history":[{"count":4,"href":"https:\/\/www.petervasara.hu\/2013\/index.php?rest_route=\/wp\/v2\/posts\/11711\/revisions"}],"predecessor-version":[{"id":11968,"href":"https:\/\/www.petervasara.hu\/2013\/index.php?rest_route=\/wp\/v2\/posts\/11711\/revisions\/11968"}],"wp:featuredmedia":[{"embeddable":true,"href":"https:\/\/www.petervasara.hu\/2013\/index.php?rest_route=\/wp\/v2\/media\/6040"}],"wp:attachment":[{"href":"https:\/\/www.petervasara.hu\/2013\/index.php?rest_route=%2Fwp%2Fv2%2Fmedia&parent=11711"}],"wp:term":[{"taxonomy":"category","embeddable":true,"href":"https:\/\/www.petervasara.hu\/2013\/index.php?rest_route=%2Fwp%2Fv2%2Fcategories&post=11711"},{"taxonomy":"post_tag","embeddable":true,"href":"https:\/\/www.petervasara.hu\/2013\/index.php?rest_route=%2Fwp%2Fv2%2Ftags&post=11711"}],"curies":[{"name":"wp","href":"https:\/\/api.w.org\/{rel}","templated":true}]}}