{"id":11658,"date":"2023-04-28T12:14:25","date_gmt":"2023-04-28T10:14:25","guid":{"rendered":"https:\/\/www.petervasara.hu\/2013\/?p=11658"},"modified":"2024-02-07T08:55:33","modified_gmt":"2024-02-07T07:55:33","slug":"bikesafe-kerekpar-regisztracio-petervasaran","status":"publish","type":"post","link":"https:\/\/www.petervasara.hu\/2013\/?p=11658","title":{"rendered":"BikeSafe ker\u00e9kp\u00e1r regisztr\u00e1ci\u00f3 P\u00e9terv\u00e1s\u00e1r\u00e1n"},"content":{"rendered":"\n<p><strong>Az Egri Rend\u0151rkapit\u00e1nys\u00e1g P\u00e9terv\u00e1s\u00e1rai Rend\u0151r\u0151rse a k\u00f6vetkez\u0151 napokon v\u00e1rja az \u00e9rdekl\u0151d\u0151ket<\/strong><\/p>\n\n\n\n<p>Az Egri Rend\u0151rkapit\u00e1nys\u00e1g munkat\u00e1rsa az al\u00e1bbi id\u0151pontban v\u00e1rja a <strong>BikeSafe<\/strong> ker\u00e9kp\u00e1r-regisztr\u00e1ci\u00f3 ir\u00e1nt \u00e9rdekl\u0151d\u0151ket a Szabads\u00e1g t\u00e9ren. Es\u0151s id\u0151j\u00e1r\u00e1s eset\u00e9n a Rend\u0151r\u0151rs \u00a0\u00e9p\u00fclet\u00e9ben lesz lehet\u0151s\u00e9g a regisztr\u00e1ci\u00f3ra.<\/p>\n\n\n\n<p><strong><u>2023. m\u00e1jus <\/u><\/strong><strong>10-\u00e9n<\/strong>&nbsp;10 \u00f3ra \u00e9s 13 \u00f3ra k\u00f6z\u00f6tt,<\/p>\n\n\n\n<p>A program l\u00e9nyege, hogy a ker\u00e9kp\u00e1rok adatai egy biztons\u00e1gos, a rend\u0151rs\u00e9g sz\u00e1m\u00e1ra is hozz\u00e1f\u00e9rhet\u0151 nyilv\u00e1ntart\u00e1sba ker\u00fclnek. Ez\u00e1ltal a biciklik egy esetleges b\u0171ncselekm\u00e9ny eset\u00e9n visszakereshet\u0151k, k\u00f6nnyebb a felder\u00edt\u00e9s\u00fck, valamint a tulajdonoshoz t\u00f6rt\u00e9n\u0151 visszajuttat\u00e1suk is. Koll\u00e9g\u00e1nk r\u00f6gz\u00edti a ker\u00e9kp\u00e1r adatait &#8211; sz\u00edn, t\u00edpus, gy\u00e1rt\u00f3, gy\u00e1rt\u00e1si sz\u00e1m, jellegzetess\u00e9gek &#8211; majd f\u00e9nyk\u00e9pfelv\u00e9teleket is k\u00e9sz\u00edt r\u00f3la.&nbsp;&nbsp;&nbsp;&nbsp;&nbsp;&nbsp;<\/p>\n\n\n\n<p>V\u00e1runk minden regisztr\u00e1lni k\u00edv\u00e1n\u00f3t, illetve \u00e9rdekl\u0151d\u0151t a helysz\u00ednre.&nbsp;<\/p>\n","protected":false},"excerpt":{"rendered":"Az Egri Rend\u0151rkapit\u00e1nys\u00e1g P\u00e9terv\u00e1s\u00e1rai Rend\u0151r\u0151rse a k\u00f6vetkez\u0151 napokon v\u00e1rja az \u00e9rdekl\u0151d\u0151ket Az Egri Rend\u0151rkapit\u00e1nys\u00e1g munkat\u00e1rsa az al\u00e1bbi id\u0151pontban&hellip;\n","protected":false},"author":1,"featured_media":11659,"comment_status":"closed","ping_status":"open","sticky":false,"template":"","format":"standard","meta":{"footnotes":""},"categories":[2],"tags":[241,252,162,49],"views":455,"_links":{"self":[{"href":"https:\/\/www.petervasara.hu\/2013\/index.php?rest_route=\/wp\/v2\/posts\/11658"}],"collection":[{"href":"https:\/\/www.petervasara.hu\/2013\/index.php?rest_route=\/wp\/v2\/posts"}],"about":[{"href":"https:\/\/www.petervasara.hu\/2013\/index.php?rest_route=\/wp\/v2\/types\/post"}],"author":[{"embeddable":true,"href":"https:\/\/www.petervasara.hu\/2013\/index.php?rest_route=\/wp\/v2\/users\/1"}],"replies":[{"embeddable":true,"href":"https:\/\/www.petervasara.hu\/2013\/index.php?rest_route=%2Fwp%2Fv2%2Fcomments&post=11658"}],"version-history":[{"count":1,"href":"https:\/\/www.petervasara.hu\/2013\/index.php?rest_route=\/wp\/v2\/posts\/11658\/revisions"}],"predecessor-version":[{"id":11660,"href":"https:\/\/www.petervasara.hu\/2013\/index.php?rest_route=\/wp\/v2\/posts\/11658\/revisions\/11660"}],"wp:featuredmedia":[{"embeddable":true,"href":"https:\/\/www.petervasara.hu\/2013\/index.php?rest_route=\/wp\/v2\/media\/11659"}],"wp:attachment":[{"href":"https:\/\/www.petervasara.hu\/2013\/index.php?rest_route=%2Fwp%2Fv2%2Fmedia&parent=11658"}],"wp:term":[{"taxonomy":"category","embeddable":true,"href":"https:\/\/www.petervasara.hu\/2013\/index.php?rest_route=%2Fwp%2Fv2%2Fcategories&post=11658"},{"taxonomy":"post_tag","embeddable":true,"href":"https:\/\/www.petervasara.hu\/2013\/index.php?rest_route=%2Fwp%2Fv2%2Ftags&post=11658"}],"curies":[{"name":"wp","href":"https:\/\/api.w.org\/{rel}","templated":true}]}}