{"id":11406,"date":"2022-11-14T10:51:43","date_gmt":"2022-11-14T09:51:43","guid":{"rendered":"https:\/\/www.petervasara.hu\/2013\/?p=11406"},"modified":"2024-02-07T08:55:34","modified_gmt":"2024-02-07T07:55:34","slug":"meghivo-kozmeghallgatas-3","status":"publish","type":"post","link":"https:\/\/www.petervasara.hu\/2013\/?p=11406","title":{"rendered":"Megh\u00edv\u00f3 &#8211; k\u00f6zmeghallgat\u00e1s"},"content":{"rendered":"\n<p class=\"has-text-align-center\"><strong>P\u00e9terv\u00e1s\u00e1ra V\u00e1ros \u00d6nkorm\u00e1nyzat\u00e1nak K\u00e9pvisel\u0151test\u00fclete<\/strong><br><br><strong><u>2022. november 22-\u00e9n (kedden) 16:30 \u00f3rakor<\/u><\/strong><br><br><strong>k\u00f6zmeghallgat\u00e1st tart,<\/strong><br><br>melyre az \u00e9rdekl\u0151d\u0151ket tisztelettel megh\u00edvja.<\/p>\n\n\n\n<p><strong><u>A k\u00f6zmeghallgat\u00e1s helye:<\/u><\/strong> Sz\u00e1nt\u00f3 Vezek\u00e9nyi Istv\u00e1n M\u0171vel\u0151d\u00e9s H\u00e1za (3250 P\u00e9terv\u00e1s\u00e1ra, Szent M\u00e1rton \u00fat 3.)<\/p>\n\n\n\n<p><strong><u>Napirendi pontok:<\/u><\/strong><\/p>\n\n\n\n<ol type=\"1\">\n<li>Besz\u00e1mol\u00f3 az \u00f6nkorm\u00e1nyzat 2020-2022. \u00e9vi munk\u00e1j\u00e1r\u00f3l. P\u00e1ly\u00e1zati lehet\u0151s\u00e9gek ismertet\u00e9se, megval\u00f3sult fejleszt\u00e9sek besz\u00e1mol\u00f3ja<\/li>\n\n\n\n<li>A k\u00f6vetkez\u0151 id\u0151szak fejleszt\u00e9si lehet\u0151s\u00e9geinek ismertet\u00e9se<\/li>\n\n\n\n<li>Az energiav\u00e1ls\u00e1g k\u00f6vetkezt\u00e9ben meghozott \u00e9s v\u00e1rhat\u00f3 int\u00e9zked\u00e9sek<\/li>\n\n\n\n<li>K\u00e9rd\u00e9sek, k\u00f6z\u00e9rdek\u0171 probl\u00e9m\u00e1k felvet\u00e9se<\/li>\n<\/ol>\n\n\n\n<p>A k\u00f6zmeghallgat\u00e1st k\u00f6vet\u0151en megh\u00edvjuk \u00d6n\u00f6ket egy kisebb fogad\u00e1sra, hogy k\u00f6tetlen form\u00e1ban is besz\u00e9lgethess\u00fcnk.<\/p>\n","protected":false},"excerpt":{"rendered":"P\u00e9terv\u00e1s\u00e1ra V\u00e1ros \u00d6nkorm\u00e1nyzat\u00e1nak K\u00e9pvisel\u0151test\u00fclete 2022. november 22-\u00e9n (kedden) 16:30 \u00f3rakor k\u00f6zmeghallgat\u00e1st tart, melyre az \u00e9rdekl\u0151d\u0151ket tisztelettel megh\u00edvja. A&hellip;\n","protected":false},"author":1,"featured_media":11407,"comment_status":"closed","ping_status":"open","sticky":false,"template":"","format":"standard","meta":{"footnotes":""},"categories":[2],"tags":[222,212],"views":567,"_links":{"self":[{"href":"https:\/\/www.petervasara.hu\/2013\/index.php?rest_route=\/wp\/v2\/posts\/11406"}],"collection":[{"href":"https:\/\/www.petervasara.hu\/2013\/index.php?rest_route=\/wp\/v2\/posts"}],"about":[{"href":"https:\/\/www.petervasara.hu\/2013\/index.php?rest_route=\/wp\/v2\/types\/post"}],"author":[{"embeddable":true,"href":"https:\/\/www.petervasara.hu\/2013\/index.php?rest_route=\/wp\/v2\/users\/1"}],"replies":[{"embeddable":true,"href":"https:\/\/www.petervasara.hu\/2013\/index.php?rest_route=%2Fwp%2Fv2%2Fcomments&post=11406"}],"version-history":[{"count":1,"href":"https:\/\/www.petervasara.hu\/2013\/index.php?rest_route=\/wp\/v2\/posts\/11406\/revisions"}],"predecessor-version":[{"id":11408,"href":"https:\/\/www.petervasara.hu\/2013\/index.php?rest_route=\/wp\/v2\/posts\/11406\/revisions\/11408"}],"wp:featuredmedia":[{"embeddable":true,"href":"https:\/\/www.petervasara.hu\/2013\/index.php?rest_route=\/wp\/v2\/media\/11407"}],"wp:attachment":[{"href":"https:\/\/www.petervasara.hu\/2013\/index.php?rest_route=%2Fwp%2Fv2%2Fmedia&parent=11406"}],"wp:term":[{"taxonomy":"category","embeddable":true,"href":"https:\/\/www.petervasara.hu\/2013\/index.php?rest_route=%2Fwp%2Fv2%2Fcategories&post=11406"},{"taxonomy":"post_tag","embeddable":true,"href":"https:\/\/www.petervasara.hu\/2013\/index.php?rest_route=%2Fwp%2Fv2%2Ftags&post=11406"}],"curies":[{"name":"wp","href":"https:\/\/api.w.org\/{rel}","templated":true}]}}