{"id":11316,"date":"2022-08-04T15:54:34","date_gmt":"2022-08-04T13:54:34","guid":{"rendered":"https:\/\/www.petervasara.hu\/2013\/?p=11316"},"modified":"2024-02-07T08:55:34","modified_gmt":"2024-02-07T07:55:34","slug":"sirhelymegvaltasi-dijakkal-kapcsolatos-tajekoztato","status":"publish","type":"post","link":"https:\/\/www.petervasara.hu\/2013\/?p=11316","title":{"rendered":"S\u00edrhelymegv\u00e1lt\u00e1si d\u00edjakkal kapcsolatos t\u00e1j\u00e9koztat\u00f3"},"content":{"rendered":"\n<p><strong>P\u00e9terv\u00e1s\u00e1ra V\u00e1ros \u00d6nkorm\u00e1nyzata a temet\u0151kr\u0151l \u00e9s a temetkez\u00e9sr\u0151l sz\u00f3l\u00f3 1999. \u00e9vi XLIII. t\u00f6rv\u00e9ny (tov\u00e1bbiakban Ttv.) 41. \u00a7 (3) bekezd\u00e9s\u00e9ben kapott felhatalmaz\u00e1s alapj\u00e1n rendeletben \u00e1llap\u00edtja meg &#8211; a k\u00f6ztemet\u0151re vonatkoz\u00f3an &#8211; a temet\u00e9si hely megv\u00e1lt\u00e1s\u00e1nak \u00e9s \u00fajrav\u00e1lt\u00e1s\u00e1nak d\u00edj\u00e1t, a temet\u0151 fenntart\u00e1si hozz\u00e1j\u00e1rul\u00e1s \u00f6sszeg\u00e9t, illetve a l\u00e9tes\u00edtm\u00e9nyek ig\u00e9nybev\u00e9tel\u00e9nek d\u00edj\u00e1t.<\/strong><\/p>\n\n\n\n<p>Eredetileg a K\u00e9pvisel\u0151test\u00fclet \u00e1ltal alkotott, a temet\u0151kr\u0151l \u00e9s a temetkez\u00e9sr\u0151l sz\u00f3l\u00f3 14\/2000. (IX.8.) \u00f6nkorm\u00e1nyzati rendelet 1. mell\u00e9klete szab\u00e1lyozta a P\u00e9terv\u00e1s\u00e1r\u00e1n alkalmazand\u00f3 d\u00edjakat. A K\u00e9pvisel\u0151test\u00fclet az \u00e9rv\u00e9nyben l\u00e9v\u0151 s\u00edrhely megv\u00e1lt\u00e1si d\u00edjt\u00e9teleket utolj\u00e1ra 2015. \u00e9v elej\u00e9n emelte a jelenlegi szintre. Akkor ker\u00fclt bevezet\u00e9sre a r\u00e9gi s\u00edrhelyek kedvezm\u00e9nyes \u00fajrav\u00e1lt\u00e1sa, amelynek rendez\u00e9s\u00e9re t\u00f6bb \u00e9v t\u00fcrelmi id\u0151t biztos\u00edtott az \u00d6nkorm\u00e1nyzat.<\/p>\n\n\n\n<p>A Ttv. 40. \u00a7 (2) bekezd\u00e9se \u00e9rtelm\u00e9ben a k\u00f6ztemet\u0151kre vonatkoz\u00f3 d\u00edjak m\u00e9rt\u00e9k\u00e9t \u00e9vente fel\u00fcl kell vizsg\u00e1lni. Az ut\u00f3bbi \u00e9vekben azonban erre nem volt lehet\u0151s\u00e9g. Ugyanis a vesz\u00e9lyhelyzettel \u00f6sszef\u00fcgg\u0151 \u00e1tmeneti szab\u00e1lyokr\u00f3l sz\u00f3l\u00f3 2021. \u00e9vi XCIX. t\u00f6rv\u00e9ny 147. \u00a7-a \u00e9rtelm\u00e9ben az \u00f6nkorm\u00e1nyzatok 2022. j\u00fanius 30. napj\u00e1ig d\u00edjat nem emelhettek, illetve \u00fajat nem vezethettek be.<\/p>\n\n\n\n<p>R\u00f6vid id\u0151n bel\u00fcl az \u00d6nkorm\u00e1nyzat \u00e1ltal a temet\u0151ben l\u00e9tes\u00edtett urnahelyek (urnaf\u00fclk\u00e9k \u00e9s kolumb\u00e1riumok) megtelnek, ez\u00e9rt \u00faj 24 f\u00e9r\u0151helyes urnafal, tov\u00e1bb\u00e1 n\u00e9h\u00e1ny urnas\u00edrhely \u00e9p\u00edt\u00e9s\u00e9re van sz\u00fcks\u00e9g. Az \u00e1raj\u00e1nlatok alapj\u00e1n a K\u00e9pvisel\u0151test\u00fclet d\u00f6nt\u00e9se \u00e9rtelm\u00e9ben az \u00faj urnahelyek beker\u00fcl\u00e9si k\u00f6lts\u00e9ge be\u00e9p\u00fcl a megv\u00e1lt\u00e1si d\u00edjba, amelynek az \u00f6sszege 90.000,-Ft lesz 2022. augusztus 1-j\u00e9t\u0151l. A r\u00e9giek urnahelyek \u00fajrav\u00e1lt\u00e1sa ezen t\u00fal egys\u00e9gesen 25.000,-Ft-ra emelkedik.<\/p>\n\n\n\n<p><strong>P\u00e9terv\u00e1s\u00e1ra V\u00e1ros K\u00e9pvisel\u0151test\u00fclete a 8\/2022. (VII.15.) \u00f6nkorm\u00e1nyzati rendelet\u00e9ben 2022. augusztus 1-jei hat\u00e1llyal m\u00f3dos\u00edtotta az \u00d6nkorm\u00e1nyzat tulajdon\u00e1ban l\u00e9v\u0151 k\u00f6ztemet\u0151ben tal\u00e1lhat\u00f3 temetkez\u00e9si helyek megv\u00e1lt\u00e1s\u00e1nak \u00e9s \u00fajrav\u00e1lt\u00e1s\u00e1nak kor\u00e1bban alkalmazott d\u00edjt\u00e9teleit, valamint \u00faj szolg\u00e1ltat\u00e1si \u00e9s hozz\u00e1j\u00e1rul\u00e1si d\u00edjakat \u00e1llap\u00edtott meg<\/strong>.<\/p>\n\n\n\n<p>A rendeletm\u00f3dos\u00edt\u00e1s teljes sz\u00f6veg\u00e9t az al\u00e1bbiakban k\u00eds\u00e9rhetik figyelemmel.<\/p>\n\n\n\n<p>A temetkez\u00e9si helyek megv\u00e1lt\u00e1s\u00e1val, \u00fajrav\u00e1lt\u00e1s\u00e1val kapcsolatban keress\u00e9k fel a P\u00e9terv\u00e1s\u00e1rai K\u00f6z\u00f6s \u00d6nkorm\u00e1nyzati Hivatal szak\u00fcgyint\u00e9z\u0151j\u00e9t. Telefon: 36\/568-036.<\/p>\n\n\n\n<p>P\u00e9terv\u00e1s\u00e1ra V\u00e1ros \u00d6nkorm\u00e1nyzata<\/p>\n\n\n\n<p><strong>A s\u00edrhelymegv\u00e1lt\u00e1si d\u00edjakr\u00f3l az al\u00e1bbi dokumentumb\u00f3l t\u00e1j\u00e9koz\u00f3dhat:<br><\/strong><\/p>\n\n\n\n<div data-wp-interactive=\"core\/file\" class=\"wp-block-file\"><object data-wp-bind--hidden=\"!state.hasPdfPreview\"  class=\"wp-block-file__embed\" data=\"https:\/\/www.petervasara.hu\/2013\/wp-content\/uploads\/2022\/08\/Sirhelymegvaltasi-dijak-tajekoztatas.pdf\" type=\"application\/pdf\" style=\"width:100%;height:600px\" aria-label=\"Sirhelymegvaltasi-dijak-tajekoztatas be\u00e1gyaz\u00e1sa be\u00e1gyaz\u00e1sa\"><\/object><a id=\"wp-block-file--media-8d36c5b9-68d7-4d37-95ae-7ec5f1934c40\" href=\"https:\/\/www.petervasara.hu\/2013\/wp-content\/uploads\/2022\/08\/Sirhelymegvaltasi-dijak-tajekoztatas.pdf\">Sirhelymegvaltasi-dijak-tajekoztatas<\/a><a href=\"https:\/\/www.petervasara.hu\/2013\/wp-content\/uploads\/2022\/08\/Sirhelymegvaltasi-dijak-tajekoztatas.pdf\" class=\"wp-block-file__button\" download aria-describedby=\"wp-block-file--media-8d36c5b9-68d7-4d37-95ae-7ec5f1934c40\">Let\u00f6lt\u00e9s<\/a><\/div>\n","protected":false},"excerpt":{"rendered":"P\u00e9terv\u00e1s\u00e1ra V\u00e1ros \u00d6nkorm\u00e1nyzata a temet\u0151kr\u0151l \u00e9s a temetkez\u00e9sr\u0151l sz\u00f3l\u00f3 1999. \u00e9vi XLIII. t\u00f6rv\u00e9ny (tov\u00e1bbiakban Ttv.) 41. \u00a7 (3)&hellip;\n","protected":false},"author":1,"featured_media":11318,"comment_status":"closed","ping_status":"open","sticky":false,"template":"","format":"standard","meta":{"footnotes":""},"categories":[2],"tags":[222,212,174,236],"views":593,"_links":{"self":[{"href":"https:\/\/www.petervasara.hu\/2013\/index.php?rest_route=\/wp\/v2\/posts\/11316"}],"collection":[{"href":"https:\/\/www.petervasara.hu\/2013\/index.php?rest_route=\/wp\/v2\/posts"}],"about":[{"href":"https:\/\/www.petervasara.hu\/2013\/index.php?rest_route=\/wp\/v2\/types\/post"}],"author":[{"embeddable":true,"href":"https:\/\/www.petervasara.hu\/2013\/index.php?rest_route=\/wp\/v2\/users\/1"}],"replies":[{"embeddable":true,"href":"https:\/\/www.petervasara.hu\/2013\/index.php?rest_route=%2Fwp%2Fv2%2Fcomments&post=11316"}],"version-history":[{"count":1,"href":"https:\/\/www.petervasara.hu\/2013\/index.php?rest_route=\/wp\/v2\/posts\/11316\/revisions"}],"predecessor-version":[{"id":11319,"href":"https:\/\/www.petervasara.hu\/2013\/index.php?rest_route=\/wp\/v2\/posts\/11316\/revisions\/11319"}],"wp:featuredmedia":[{"embeddable":true,"href":"https:\/\/www.petervasara.hu\/2013\/index.php?rest_route=\/wp\/v2\/media\/11318"}],"wp:attachment":[{"href":"https:\/\/www.petervasara.hu\/2013\/index.php?rest_route=%2Fwp%2Fv2%2Fmedia&parent=11316"}],"wp:term":[{"taxonomy":"category","embeddable":true,"href":"https:\/\/www.petervasara.hu\/2013\/index.php?rest_route=%2Fwp%2Fv2%2Fcategories&post=11316"},{"taxonomy":"post_tag","embeddable":true,"href":"https:\/\/www.petervasara.hu\/2013\/index.php?rest_route=%2Fwp%2Fv2%2Ftags&post=11316"}],"curies":[{"name":"wp","href":"https:\/\/api.w.org\/{rel}","templated":true}]}}