{"id":11129,"date":"2022-03-10T10:57:17","date_gmt":"2022-03-10T09:57:17","guid":{"rendered":"https:\/\/www.petervasara.hu\/2013\/?p=11129"},"modified":"2024-02-07T08:55:35","modified_gmt":"2024-02-07T07:55:35","slug":"igenyfelmeres-foglalkoztatasi-strategia-felulvizsgalatahoz","status":"publish","type":"post","link":"https:\/\/www.petervasara.hu\/2013\/?p=11129","title":{"rendered":"Ig\u00e9nyfelm\u00e9r\u00e9s foglalkoztat\u00e1si strat\u00e9gia fel\u00fclvizsg\u00e1lat\u00e1hoz"},"content":{"rendered":"\n<h5 id=\"a-heves-megyei-onkormanyzat-mint-konzorciumvezeto-a-heves-megyei-kormanyhivatal-es-az-agria-tersegfejlesztesi-nkft-konzorciumi-partnerekkel-sikeres-palyazatot-nyujtott-be\" class=\"wp-block-heading\">A Heves Megyei \u00d6nkorm\u00e1nyzat, mint konzorciumvezet\u0151 \u2013 a Heves Megyei Korm\u00e1nyhivatal \u00e9s az Agria T\u00e9rs\u00e9gfejleszt\u00e9si nKft konzorciumi partnerekkel \u2013 sikeres p\u00e1ly\u00e1zatot ny\u00fajtott be \u201ePaktum a Gazdas\u00e1g- \u00e9s Foglalkoztat\u00e1sfejleszt\u00e9s\u00e9rt Heves megy\u00e9ben\u201d c\u00edmmel a Ter\u00fclet \u00e9s Telep\u00fcl\u00e9sfejleszt\u00e9si Operat\u00edv Program Plusz keret\u00e9ben, a TOP_Plusz-3.1.1-21 sz\u00e1m\u00fa \u201eMegyei foglalkoztat\u00e1si-gazdas\u00e1gfejleszt\u00e9si egy\u00fcttm\u0171k\u00f6d\u00e9sek\u201d c\u00edm\u0171 felh\u00edv\u00e1sra.<\/h5>\n\n\n\n<p>Ezzel megt\u00f6rt\u00e9nt az els\u0151 l\u00e9p\u00e9s arra vonatkoz\u00f3an, hogy az elm\u00falt \u00e9vekben l\u00e9trehozott megyei foglalkoztat\u00e1si paktum egy\u00fcttm\u0171k\u00f6d\u00e9s folytat\u00f3dhasson a 2021-2027-es fejleszt\u00e9si ciklusban.<\/p>\n\n\n\n<p><strong>A projekt els\u0151dleges c\u00e9lja, hogy a munkaad\u00f3k ig\u00e9nyeit kiel\u00e9g\u00edtend\u0151 b\u00e9r- \u00e9s j\u00e1rul\u00e9k-, valamint k\u00e9pz\u00e9si t\u00e1mogat\u00e1ssal n\u00f6velje a foglalkoztatotts\u00e1got. Ennek keret\u00e9ben k\u00f6zel 1400 \u00e1ll\u00e1skeres\u0151 munk\u00e1hoz jut\u00e1s\u00e1t tudjuk t\u00e1mogatni.<\/strong> A forr\u00e1sok megfelel\u0151 tervez\u00e9se \u00e9rdek\u00e9ben elengedhetetlen\u00fcl sz\u00fcks\u00e9ges megismerni a v\u00e1llalkoz\u00e1sok, az \u00e1ll\u00e1skeres\u0151k \u00e9s a munkav\u00e1llal\u00f3k v\u00e9lem\u00e9ny\u00e9t, ig\u00e9nyeit, melyre vonatkoz\u00f3an r\u00f6vid k\u00e9rd\u0151\u00edvek ker\u00fcltek \u00f6ssze\u00e1ll\u00edt\u00e1sra.<\/p>\n\n\n\n<p>A k\u00e9rd\u0151\u00edveket a Heves Megyei \u00d6nkorm\u00e1nyzat honlapj\u00e1n lehet el\u00e9rni 2022. m\u00e1rcius 31-ig (cs\u00fct\u00f6rt\u00f6k):<\/p>\n\n\n\n<p><a href=\"https:\/\/hevesmegye.hu\/hu\/teruletfejlesztes\/c\/kerdoivek-kitoltese\" target=\"_blank\" rel=\"noreferrer noopener\">https:\/\/hevesmegye.hu\/hu\/teruletfejlesztes\/c\/kerdoivek-kitoltese<\/a><\/p>\n","protected":false},"excerpt":{"rendered":"A Heves Megyei \u00d6nkorm\u00e1nyzat, mint konzorciumvezet\u0151 \u2013 a Heves Megyei Korm\u00e1nyhivatal \u00e9s az Agria T\u00e9rs\u00e9gfejleszt\u00e9si nKft konzorciumi partnerekkel&hellip;\n","protected":false},"author":1,"featured_media":11131,"comment_status":"closed","ping_status":"open","sticky":false,"template":"","format":"standard","meta":{"footnotes":""},"categories":[2],"tags":[222,226,172],"views":505,"_links":{"self":[{"href":"https:\/\/www.petervasara.hu\/2013\/index.php?rest_route=\/wp\/v2\/posts\/11129"}],"collection":[{"href":"https:\/\/www.petervasara.hu\/2013\/index.php?rest_route=\/wp\/v2\/posts"}],"about":[{"href":"https:\/\/www.petervasara.hu\/2013\/index.php?rest_route=\/wp\/v2\/types\/post"}],"author":[{"embeddable":true,"href":"https:\/\/www.petervasara.hu\/2013\/index.php?rest_route=\/wp\/v2\/users\/1"}],"replies":[{"embeddable":true,"href":"https:\/\/www.petervasara.hu\/2013\/index.php?rest_route=%2Fwp%2Fv2%2Fcomments&post=11129"}],"version-history":[{"count":2,"href":"https:\/\/www.petervasara.hu\/2013\/index.php?rest_route=\/wp\/v2\/posts\/11129\/revisions"}],"predecessor-version":[{"id":11132,"href":"https:\/\/www.petervasara.hu\/2013\/index.php?rest_route=\/wp\/v2\/posts\/11129\/revisions\/11132"}],"wp:featuredmedia":[{"embeddable":true,"href":"https:\/\/www.petervasara.hu\/2013\/index.php?rest_route=\/wp\/v2\/media\/11131"}],"wp:attachment":[{"href":"https:\/\/www.petervasara.hu\/2013\/index.php?rest_route=%2Fwp%2Fv2%2Fmedia&parent=11129"}],"wp:term":[{"taxonomy":"category","embeddable":true,"href":"https:\/\/www.petervasara.hu\/2013\/index.php?rest_route=%2Fwp%2Fv2%2Fcategories&post=11129"},{"taxonomy":"post_tag","embeddable":true,"href":"https:\/\/www.petervasara.hu\/2013\/index.php?rest_route=%2Fwp%2Fv2%2Ftags&post=11129"}],"curies":[{"name":"wp","href":"https:\/\/api.w.org\/{rel}","templated":true}]}}