{"id":11064,"date":"2022-02-08T12:49:53","date_gmt":"2022-02-08T11:49:53","guid":{"rendered":"https:\/\/www.petervasara.hu\/2013\/?p=11064"},"modified":"2024-02-07T08:55:35","modified_gmt":"2024-02-07T07:55:35","slug":"valasztas-2022-szavazas-mozgournaval","status":"publish","type":"post","link":"https:\/\/www.petervasara.hu\/2013\/?p=11064","title":{"rendered":"V\u00e1laszt\u00e1s 2022 &#8211; szavaz\u00e1s mozg\u00f3urn\u00e1val"},"content":{"rendered":"\n<p><strong>Ha \u00d6n a szavaz\u00e1s napj\u00e1n nem tud megjelenni a lak\u00f3helye szerinti szavaz\u00f3helyis\u00e9gben, mert eg\u00e9szs\u00e9gi \u00e1llapota (pl. k\u00f3rh\u00e1zban van), fogyat\u00e9koss\u00e1ga vagy fogva tart\u00e1sa (pl. el\u0151zetes letart\u00f3ztat\u00e1s, szabads\u00e1gveszt\u00e9s) ebben megakad\u00e1lyozza, mozg\u00f3urn\u00e1t k\u00e9rhet. A t\u00f6rv\u00e9ny kiz\u00e1r\u00f3lag a fenti esetekben engedi meg a mozg\u00f3urna ig\u00e9nybev\u00e9tel\u00e9t, m\u00e1s indokokra tekintettel (pl. munkahelyi elfoglalts\u00e1g) nem vehet\u0151 ig\u00e9nybe.<\/strong><\/p>\n\n\n\n<h4 class=\"has-gray-200-background-color has-background wp-block-heading\" id=\"kerelem-benyujtasa-online\"><span id=\"kerelem-benyujtasa-onlinekerelem-benyujtasa-papir-alapon-szemelyesen-vagy-postan\"><a rel=\"noreferrer noopener\" href=\"https:\/\/magyarorszag.hu\/szuf_fooldal#ugyleiras,b8281c32-ec8e-428d-8776-0a62374e32d0%2Cmozgourna_igenylese_orszaggyulesi_valasztasra_es_orszagos_nepszavazasra\" target=\"_blank\">K\u00e9relem beny\u00fajt\u00e1sa online<\/a><br><a rel=\"noreferrer noopener\" href=\"https:\/\/www.valasztas.hu\/documents\/20182\/305627\/Mozg%C3%B3urna+k%C3%A9relem_v1.pdf\/33afe294-647a-5f4e-fcdd-e743be20226c\" target=\"_blank\">K\u00e9relem beny\u00fajt\u00e1sa pap\u00edr alapon<\/a> (szem\u00e9lyesen vagy post\u00e1n)<\/span><\/h4>\n\n\n\n<h4 class=\"wp-block-heading\" id=\"a-mozgourna-iranti-kerelem-benyujtasanak-szabalyai\">A mozg\u00f3urna ir\u00e1nti k\u00e9relem beny\u00fajt\u00e1s\u00e1nak szab\u00e1lyai<\/h4>\n\n\n\n<p>A mozg\u00f3urna ir\u00e1nti k\u00e9relmet a szavaz\u00f3k\u00f6ri n\u00e9vjegyz\u00e9kben szerepl\u0151, mozg\u00e1s\u00e1ban eg\u00e9szs\u00e9gi \u00e1llapota vagy fogyat\u00e9koss\u00e1ga, illetve fogvatart\u00e1sa miatt g\u00e1tolt v\u00e1laszt\u00f3polg\u00e1r ny\u00fajthatja be.<\/p>\n\n\n\n<p><strong>A mozg\u00f3urna ir\u00e1nti k\u00e9relem a k\u00f6z\u00f6s elj\u00e1r\u00e1sban lebonyol\u00edtott mindk\u00e9t v\u00e1laszt\u00e1sra, \u00edgy az orsz\u00e1ggy\u0171l\u00e9si k\u00e9pvisel\u0151-v\u00e1laszt\u00e1sra \u00e9s az orsz\u00e1gos n\u00e9pszavaz\u00e1sra is vonatkozik egyszerre, nem kell k\u00fcl\u00f6n-k\u00fcl\u00f6n k\u00e9relmet beny\u00fajtania.<\/strong><\/p>\n\n\n\n<p>A k\u00e9relemben felt\u00fcntetett adatainak meg kell egyezni\u00fck a lakc\u00edmk\u00e1rty\u00e1n felt\u00fcntetett adatokkal, ellenkez\u0151 esetben a helyi v\u00e1laszt\u00e1si iroda a k\u00e9relmet elutas\u00edtja.<\/p>\n\n\n\n<p>A k\u00e9relemnek tartalmaznia kell a mozg\u00f3urna-ig\u00e9nyl\u00e9s ok\u00e1t, valamint, ha nem a lakc\u00edm\u00e9re k\u00e9ri, akkor a pontos c\u00edmet is, ahova a mozg\u00f3urna kivitel\u00e9t k\u00e9ri.&nbsp;<\/p>\n\n\n\n<p>Ha&nbsp;<\/p>\n\n\n\n<ul><li>a v\u00e1laszt\u00f3polg\u00e1r olyan c\u00edmre k\u00e9r mozg\u00f3urn\u00e1t, amely nem abban a szavaz\u00f3k\u00f6rben tal\u00e1lhat\u00f3, amelynek n\u00e9vjegyz\u00e9k\u00e9ben szerepel, illetve<\/li><li>az \u00e1tjelentkez\u0151 v\u00e1laszt\u00f3polg\u00e1r olyan c\u00edmre k\u00e9r mozg\u00f3urn\u00e1t, amely nem azon a telep\u00fcl\u00e9sen tal\u00e1lhat\u00f3, amelynek n\u00e9vjegyz\u00e9k\u00e9ben szerepel,&nbsp;<\/li><\/ul>\n\n\n\n<p><strong>a k\u00e9relm\u00e9t egyben \u00e1tjelentkez\u00e9sre ir\u00e1nyul\u00f3 k\u00e9relemnek is kell tekinteni.<\/strong><\/p>\n\n\n\n<p>Ebben az esetben \u2013 att\u00f3l f\u00fcgg\u0151en, hogy a k\u00e9relmet hova ny\u00fajtott\u00e1k be \u2013 a v\u00e1laszt\u00f3polg\u00e1r lakc\u00edme szerint illet\u00e9kes helyi v\u00e1laszt\u00e1si iroda vagy a mozg\u00f3urna kivitel\u00e9re illet\u00e9kes szavazatsz\u00e1ml\u00e1l\u00f3 bizotts\u00e1g illet\u00e9kess\u00e9gi ter\u00fclet\u00e9n m\u0171k\u00f6d\u0151 helyi v\u00e1laszt\u00e1si iroda d\u00f6nt az \u00e1tjelentkez\u00e9s \u00e9s a mozg\u00f3urna ir\u00e1nti k\u00e9relemr\u0151l is.<\/p>\n\n\n\n<p>A szavaz\u00e1s napj\u00e1n a szavazatsz\u00e1ml\u00e1l\u00f3 bizotts\u00e1g k\u00e9t tagja felkeresi \u00d6nt lak\u00f3hely\u00e9n vagy az \u00d6n \u00e1ltal megadott m\u00e1s c\u00edmen (pl. k\u00f3rh\u00e1zban), annak \u00e9rdek\u00e9ben, hogy szavazat\u00e1t a mozg\u00f3urn\u00e1ba dobja be.<\/p>\n\n\n\n<p>Figyelem! Aki mozg\u00f3urn\u00e1t k\u00e9rt, a szavaz\u00f3k\u00f6rben \u201ehagyom\u00e1nyos m\u00f3don\u201d, azaz szem\u00e9lyesen nem szavazhat.<\/p>\n\n\n\n<p>Az mozg\u00f3urna ig\u00e9nyl\u00e9sre vonatkoz\u00f3 hat\u00e1rid\u0151k <a href=\"https:\/\/vtr.valasztas.hu\/ogy2022\/valasztasi-informaciok\/hataridok?tab=1\" target=\"_blank\" rel=\"noreferrer noopener\">ide<\/a> kattintva&nbsp;\u00e9rhet\u0151ek el.<\/p>\n","protected":false},"excerpt":{"rendered":"Ha \u00d6n a szavaz\u00e1s napj\u00e1n nem tud megjelenni a lak\u00f3helye szerinti szavaz\u00f3helyis\u00e9gben, mert eg\u00e9szs\u00e9gi \u00e1llapota (pl. k\u00f3rh\u00e1zban van),&hellip;\n","protected":false},"author":1,"featured_media":11065,"comment_status":"closed","ping_status":"open","sticky":false,"template":"","format":"standard","meta":{"footnotes":""},"categories":[228],"tags":[222,174],"views":513,"_links":{"self":[{"href":"https:\/\/www.petervasara.hu\/2013\/index.php?rest_route=\/wp\/v2\/posts\/11064"}],"collection":[{"href":"https:\/\/www.petervasara.hu\/2013\/index.php?rest_route=\/wp\/v2\/posts"}],"about":[{"href":"https:\/\/www.petervasara.hu\/2013\/index.php?rest_route=\/wp\/v2\/types\/post"}],"author":[{"embeddable":true,"href":"https:\/\/www.petervasara.hu\/2013\/index.php?rest_route=\/wp\/v2\/users\/1"}],"replies":[{"embeddable":true,"href":"https:\/\/www.petervasara.hu\/2013\/index.php?rest_route=%2Fwp%2Fv2%2Fcomments&post=11064"}],"version-history":[{"count":1,"href":"https:\/\/www.petervasara.hu\/2013\/index.php?rest_route=\/wp\/v2\/posts\/11064\/revisions"}],"predecessor-version":[{"id":11066,"href":"https:\/\/www.petervasara.hu\/2013\/index.php?rest_route=\/wp\/v2\/posts\/11064\/revisions\/11066"}],"wp:featuredmedia":[{"embeddable":true,"href":"https:\/\/www.petervasara.hu\/2013\/index.php?rest_route=\/wp\/v2\/media\/11065"}],"wp:attachment":[{"href":"https:\/\/www.petervasara.hu\/2013\/index.php?rest_route=%2Fwp%2Fv2%2Fmedia&parent=11064"}],"wp:term":[{"taxonomy":"category","embeddable":true,"href":"https:\/\/www.petervasara.hu\/2013\/index.php?rest_route=%2Fwp%2Fv2%2Fcategories&post=11064"},{"taxonomy":"post_tag","embeddable":true,"href":"https:\/\/www.petervasara.hu\/2013\/index.php?rest_route=%2Fwp%2Fv2%2Ftags&post=11064"}],"curies":[{"name":"wp","href":"https:\/\/api.w.org\/{rel}","templated":true}]}}