{"id":11032,"date":"2022-02-08T10:38:55","date_gmt":"2022-02-08T09:38:55","guid":{"rendered":"https:\/\/www.petervasara.hu\/2013\/?p=11032"},"modified":"2024-02-07T08:55:35","modified_gmt":"2024-02-07T07:55:35","slug":"tajekoztatas-korzeti-erdotervezes-igazgatasi-tevekenysegenek-megkezdeserol","status":"publish","type":"post","link":"https:\/\/www.petervasara.hu\/2013\/?p=11032","title":{"rendered":"T\u00e1j\u00e9koztat\u00e1s &#8211; k\u00f6rzeti erd\u0151tervez\u00e9s igazgat\u00e1si tev\u00e9kenys\u00e9g\u00e9nek megkezd\u00e9s\u00e9r\u0151l"},"content":{"rendered":"\n<p>A Nemzeti F\u00f6ld\u00fcgyi K\u00f6zpont (tov\u00e1bbiakban: NFK) az erd\u0151r\u0151l, az erd\u0151 v\u00e9delm\u00e9r\u0151l \u00e9s az erd\u0151gazd\u00e1lkod\u00e1sr\u00f3l sz\u00f3l\u00f3 2009. \u00e9vi XXXVII. t\u00f6rv\u00e9ny (tov\u00e1bbiakban: Evt.) 33. \u00a7 (1) bekezd\u00e9s a) pontj\u00e1ban, valamint az erd\u0151r\u0151l, az erd\u0151 v\u00e9delm\u00e9r\u0151l \u00e9s az erd\u0151gazd\u00e1lkod\u00e1sr\u00f3l sz\u00f3l\u00f3 2009. \u00e9vi XXXVII. t\u00f6rv\u00e9ny v\u00e9grehajt\u00e1s\u00e1r\u00f3l sz\u00f3l\u00f3 61\/2017. (XII. 21.) FM rendelet (tov\u00e1bbiakban: Vhr.) 6. sz\u00e1m\u00fa mell\u00e9klet\u00e9ben foglaltaknak megfelel\u0151en az al\u00e1bbiak szerint hivatalb\u00f3l megkezdi a P\u00e9terv\u00e1s\u00e1rai erd\u0151tervez\u00e9si k\u00f6rzetre vonatkoz\u00f3 igazgat\u00e1si tev\u00e9kenys\u00e9g\u00e9t:<\/p>\n\n\n\n<ul><li>az erd\u0151tervez\u00e9si k\u00f6rzet megnevez\u00e9se: P\u00e9terv\u00e1s\u00e1rai Erd\u0151tervez\u00e9si K\u00f6rzet<\/li><li>a k\u00f6rzeti erd\u0151tervez\u00e9s megkezd\u00e9s\u00e9nek napja: 2022.01.31.<\/li><li>felel\u0151s erd\u0151tervez\u0151 neve \u00e9s hivatali el\u00e9rhet\u0151s\u00e9ge: Zsilv\u00f6lgyi L\u00e1szl\u00f3 Attila<\/li><li>eto.eger@nfk.gov.hu, +36 (30) 383-4973<\/li><\/ul>\n\n\n\n<div data-wp-interactive=\"core\/file\" class=\"wp-block-file\"><object data-wp-bind--hidden=\"!state.hasPdfPreview\"  class=\"wp-block-file__embed\" data=\"https:\/\/www.petervasara.hu\/2013\/wp-content\/uploads\/2022\/02\/NFK-006889_001_2022_Tajekoztatas_Petervasarai-korzet.pdf\" type=\"application\/pdf\" style=\"width:100%;height:600px\" aria-label=\"PDF be\u00e1gyaz\u00e1s be\u00e1gyaz\u00e1sa\"><\/object><a href=\"https:\/\/www.petervasara.hu\/2013\/wp-content\/uploads\/2022\/02\/NFK-006889_001_2022_Tajekoztatas_Petervasarai-korzet.pdf\" class=\"wp-block-file__button\" download aria-describedby=\"wp-block-file--media-6418611e-1b6b-468e-9bad-6e053ebf78b8\">Let\u00f6lt\u00e9s<\/a><\/div>\n","protected":false},"excerpt":{"rendered":"A Nemzeti F\u00f6ld\u00fcgyi K\u00f6zpont (tov\u00e1bbiakban: NFK) az erd\u0151r\u0151l, az erd\u0151 v\u00e9delm\u00e9r\u0151l \u00e9s az erd\u0151gazd\u00e1lkod\u00e1sr\u00f3l sz\u00f3l\u00f3 2009. \u00e9vi XXXVII.&hellip;\n","protected":false},"author":1,"featured_media":11034,"comment_status":"closed","ping_status":"open","sticky":false,"template":"","format":"standard","meta":{"footnotes":""},"categories":[2],"tags":[222,226,52,161],"views":483,"_links":{"self":[{"href":"https:\/\/www.petervasara.hu\/2013\/index.php?rest_route=\/wp\/v2\/posts\/11032"}],"collection":[{"href":"https:\/\/www.petervasara.hu\/2013\/index.php?rest_route=\/wp\/v2\/posts"}],"about":[{"href":"https:\/\/www.petervasara.hu\/2013\/index.php?rest_route=\/wp\/v2\/types\/post"}],"author":[{"embeddable":true,"href":"https:\/\/www.petervasara.hu\/2013\/index.php?rest_route=\/wp\/v2\/users\/1"}],"replies":[{"embeddable":true,"href":"https:\/\/www.petervasara.hu\/2013\/index.php?rest_route=%2Fwp%2Fv2%2Fcomments&post=11032"}],"version-history":[{"count":1,"href":"https:\/\/www.petervasara.hu\/2013\/index.php?rest_route=\/wp\/v2\/posts\/11032\/revisions"}],"predecessor-version":[{"id":11035,"href":"https:\/\/www.petervasara.hu\/2013\/index.php?rest_route=\/wp\/v2\/posts\/11032\/revisions\/11035"}],"wp:featuredmedia":[{"embeddable":true,"href":"https:\/\/www.petervasara.hu\/2013\/index.php?rest_route=\/wp\/v2\/media\/11034"}],"wp:attachment":[{"href":"https:\/\/www.petervasara.hu\/2013\/index.php?rest_route=%2Fwp%2Fv2%2Fmedia&parent=11032"}],"wp:term":[{"taxonomy":"category","embeddable":true,"href":"https:\/\/www.petervasara.hu\/2013\/index.php?rest_route=%2Fwp%2Fv2%2Fcategories&post=11032"},{"taxonomy":"post_tag","embeddable":true,"href":"https:\/\/www.petervasara.hu\/2013\/index.php?rest_route=%2Fwp%2Fv2%2Ftags&post=11032"}],"curies":[{"name":"wp","href":"https:\/\/api.w.org\/{rel}","templated":true}]}}