{"id":11027,"date":"2022-02-01T13:36:27","date_gmt":"2022-02-01T12:36:27","guid":{"rendered":"https:\/\/www.petervasara.hu\/2013\/?p=11027"},"modified":"2024-02-07T08:55:35","modified_gmt":"2024-02-07T07:55:35","slug":"palyazati-kiiras-mezogazdasagi-kisuzemek-tamogatasara","status":"publish","type":"post","link":"https:\/\/www.petervasara.hu\/2013\/?p=11027","title":{"rendered":"P\u00e1ly\u00e1zati ki\u00edr\u00e1s &#8211; mez\u0151gazdas\u00e1gi kis\u00fczemek t\u00e1mogat\u00e1s\u00e1ra"},"content":{"rendered":"\n<p><strong>F\u0151 tudnival\u00f3k:<\/strong><\/p>\n\n\n\n<ol type=\"1\"><li>A t\u00e1mogat\u00e1s \u00f6sszege <strong>15&nbsp;000 EUR kb. 5&nbsp;400&nbsp;000 Ft k\u00e9t r\u00e9szletben (75%+25%)<\/strong><\/li><li>\u00d6ner\u0151 nem sz\u00fcks\u00e9ges<\/li><li>Vissza nem t\u00e9r\u00edtend\u0151 t\u00e1mogat\u00e1s<\/li><li>A&nbsp; t\u00e1mogat\u00e1s teljes \u00f6sszege szabadon felhaszn\u00e1lhat\u00f3.<\/li><li>A rendelkez\u00e9sre \u00e1ll\u00f3 tervezett keret\u00f6sszeg 32,5 milli\u00e1rd forint<\/li><li>A t\u00e1mogatott t\u00e1mogat\u00e1si k\u00e9relmek v\u00e1rhat\u00f3 sz\u00e1ma: 7 222 db.<\/li><\/ol>\n\n\n\n<p><strong>Kik p\u00e1ly\u00e1zhatnak?<\/strong><\/p>\n\n\n\n<ol type=\"1\"><li>Mez\u0151gazdas\u00e1gi \u0151stermel\u0151<\/li><li>Mez\u0151gazdas\u00e1gi f\u0151tev\u00e9kenys\u00e9g\u0171 egy\u00e9ni v\u00e1llalkoz\u00f3<\/li><li>\u00c9letvitelszer\u0171 tart\u00f3zkod\u00e1si helye,&nbsp; bejegyzett sz\u00e9khelye m\u00e1r a t\u00e1mogat\u00e1si k\u00e9relem beny\u00fajt\u00e1s\u00e1t megel\u0151z\u0151 12 h\u00f3napban a jogosult telep\u00fcl\u00e9sen, vid\u00e9ki t\u00e9rs\u00e9gekben volt<\/li><li>2022. \u00e9vi k\u00e9relem beny\u00fajt\u00e1s\u00e1t megel\u0151z\u0151 teljes lez\u00e1rt \u00fczleti \u00e9vben legal\u00e1bb 3000 euro ST\u00c9, de legfeljebb a 6000 euro ST\u00c9 \u00e9rt\u00e9k\u0171 termel\u00e9si potenci\u00e1llal (\u00fczemm\u00e9rettel) kiz\u00e1r\u00f3lagosan rendelkezik,<\/li><\/ol>\n\n\n\n<p><strong>\u00dczemm\u00e9ret meghat\u00e1roz\u00e1sa<\/strong>:<\/p>\n\n\n\n<p>a, sz\u00e1nt\u00f3f\u00f6ldi n\u00f6v\u00e9nytermeszt\u00e9s \u00e9s kert\u00e9szeti kult\u00far\u00e1k eset\u00e9n a 2021-ben beadott Egys\u00e9ges ter\u00fcletalap\u00fa T\u00e1mogat\u00e1si k\u00e9relemben elfogadott ter\u00fclet alapj\u00e1n<\/p>\n\n\n\n<p>b, \u00e1llatteny\u00e9szt\u00e9s eset\u00e9n a 2021-ben a N\u00c9BIH nyilv\u00e1ntart\u00e1saiban( TIR,ENAR,BIR) szerepl\u0151 \u00e1llat\u00e1llom\u00e1ny \u00e9ves \u00e1tlagos \u00e1tlagl\u00e9tsz\u00e1ma alapj\u00e1n t\u00f6rt\u00e9nik<\/p>\n\n\n\n<p>&nbsp;&nbsp;&nbsp;&nbsp;&nbsp; VAGY<\/p>\n\n\n\n<p>ezzel megegyez\u0151 nett\u00f3 \u00e1rbev\u00e9telt \u00e9rt el mez\u0151gazdas\u00e1gi termel\u00e9sb\u0151l vagy mez\u0151gazdas\u00e1gi termel\u00e9sb\u0151l \u00e9s Annex 1 term\u00e9k feldolgoz\u00e1sb\u00f3l<\/p>\n\n\n\n<p><strong>Az \u00e1rbev\u00e9tel meghat\u00e1roz\u00e1sa a 2021.\u00e9vi SZJA bevall\u00e1s alapj\u00e1n t\u00f6rt\u00e9nik.<\/strong><\/p>\n\n\n\n<p>Mez\u0151gazdas\u00e1gi tev\u00e9kenys\u00e9gb\u0151l sz\u00e1rmaz\u00f3 \u00e1rbev\u00e9tel: a mez\u0151gazdas\u00e1gi termel\u0151 tev\u00e9kenys\u00e9get folytat\u00f3 gazd\u00e1lkod\u00f3 gazdas\u00e1g\u00e1b\u00f3l \u2013 a n\u00f6v\u00e9nytermeszt\u00e9s, kert\u00e9szet,\u00e9s \u00e1llatteny\u00e9szt\u00e9s \u00e1gazataib\u00f3l \u2013 sz\u00e1rmaz\u00f3 term\u00e9kek \u00e9rt\u00e9kesit\u00e9s\u00e9b\u0151l sz\u00e1rmaz\u00f3&nbsp; nett\u00f3 bev\u00e9telek \u00f6sszege. Ter\u00fcletalap\u00fa t\u00e1mogat\u00e1s nem sz\u00e1m\u00edt bele.<\/p>\n\n\n\n<p>1\u00a0091\u00a0670 \u2013 2\u00a0183\u00a0340.- Ft\u00a0 k\u00f6z\u00f6tt.\u00a0<\/p>\n\n\n\n<p><strong>A projekt ter\u00fcleti korl\u00e1toz\u00e1sa<\/strong><\/p>\n\n\n\n<p>A projekt kiz\u00e1r\u00f3lag a Vid\u00e9kfejleszt\u00e9si Programban meghat\u00e1rozott vid\u00e9ki t\u00e9rs\u00e9gekben val\u00f3s\u00edthat\u00f3 meg! Vid\u00e9ki t\u00e9rs\u00e9gnek min\u0151s\u00fcl a 6. priorit\u00e1s alkalmaz\u00e1sa szempontj\u00e1b\u00f3l az a telep\u00fcl\u00e9s, ahol k\u00f6zigazgat\u00e1si jog\u00e1ll\u00e1st\u00f3l (v\u00e1ros\/k\u00f6zs\u00e9g) f\u00fcggetlen\u00fcl:<\/p>\n\n\n\n<p>&nbsp;\u00b7 a n\u00e9pess\u00e9g 10 ezer f\u0151n\u00e9l kevesebb;<\/p>\n\n\n\n<p>\u00b7 10 ezer f\u0151 feletti lakoss\u00e1ggal rendelkez\u0151 tany\u00e1s telep\u00fcl\u00e9sek k\u00fclter\u00fcletei; lista mell\u00e9kelve<\/p>\n\n\n\n<p><strong>Bead\u00e1s:<\/strong><\/p>\n\n\n\n<p>1.T\u00e1mogat\u00e1si k\u00e9relmet kiz\u00e1r\u00f3lag az \u00fcgyf\u00e9l-azonos\u00edt\u00f3val rendelkez\u0151 t\u00e1mogat\u00e1st ig\u00e9nyl\u0151 ny\u00fajthat be elektronikus fel\u00fcleten.<\/p>\n\n\n\n<p>2.\u00d6t\u00f6dik szakasz: 2022. febru\u00e1r 14.- 2022. febru\u00e1r 28.<\/p>\n\n\n\n<p>&nbsp;&nbsp; Hatodik szakasz: 2022. m\u00e1jus 18. \u2013 2022. m\u00e1jus 31.<\/p>\n\n\n\n<p><strong>A t\u00e1mogat\u00e1s ig\u00e9nybev\u00e9tel\u00e9vel v\u00e1llalt k\u00f6telezetts\u00e9gek:<\/strong><\/p>\n\n\n\n<p>&nbsp;1. A t\u00e1mogat\u00e1st ig\u00e9nyl\u0151 a t\u00e1mogat\u00e1st 5 \u00e9vre kapja, amely a projekt m\u0171k\u00f6dtet\u00e9si id\u0151szaka is egyben. A projekt m\u0171k\u00f6dtet\u00e9si id\u0151szak\u00e1nak kezdete a T\u00e1mogat\u00f3i Okirat hat\u00e1lyba l\u00e9p\u00e9s\u00e9t k\u00f6vet\u0151 nap, a v\u00e9ge pedig az att\u00f3l sz\u00e1m\u00edtott 60. h\u00f3nap utols\u00f3 napja.<\/p>\n\n\n\n<p>2. A T\u00e1mogat\u00f3i Okirat hat\u00e1lybal\u00e9p\u00e9s\u00e9vel egyidej\u0171leg ker\u00fcl kifizet\u00e9sre a t\u00e1mogat\u00e1si \u00f6sszeg els\u0151 r\u00e9szlete (75%-a).<\/p>\n\n\n\n<p><strong>B\u0151vebb inform\u00e1ci\u00f3: <\/strong><br>Kish\u00e1zyn\u00e9 Erzsi 06-30-497 3343 &#8211; p\u00e1ly\u00e1zat\u00edr\u00f3<br>Tak\u00e1cs Zolt\u00e1n 06-20-669 2636 &#8211; p\u00e1ly\u00e1zat\u00edr\u00f3<\/p>\n\n\n\n<p><\/p>\n","protected":false},"excerpt":{"rendered":"F\u0151 tudnival\u00f3k: A t\u00e1mogat\u00e1s \u00f6sszege 15&nbsp;000 EUR kb. 5&nbsp;400&nbsp;000 Ft k\u00e9t r\u00e9szletben (75%+25%) \u00d6ner\u0151 nem sz\u00fcks\u00e9ges Vissza nem&hellip;\n","protected":false},"author":1,"featured_media":11028,"comment_status":"closed","ping_status":"open","sticky":false,"template":"","format":"standard","meta":{"footnotes":""},"categories":[2],"tags":[222,226,50,43],"views":452,"_links":{"self":[{"href":"https:\/\/www.petervasara.hu\/2013\/index.php?rest_route=\/wp\/v2\/posts\/11027"}],"collection":[{"href":"https:\/\/www.petervasara.hu\/2013\/index.php?rest_route=\/wp\/v2\/posts"}],"about":[{"href":"https:\/\/www.petervasara.hu\/2013\/index.php?rest_route=\/wp\/v2\/types\/post"}],"author":[{"embeddable":true,"href":"https:\/\/www.petervasara.hu\/2013\/index.php?rest_route=\/wp\/v2\/users\/1"}],"replies":[{"embeddable":true,"href":"https:\/\/www.petervasara.hu\/2013\/index.php?rest_route=%2Fwp%2Fv2%2Fcomments&post=11027"}],"version-history":[{"count":2,"href":"https:\/\/www.petervasara.hu\/2013\/index.php?rest_route=\/wp\/v2\/posts\/11027\/revisions"}],"predecessor-version":[{"id":11030,"href":"https:\/\/www.petervasara.hu\/2013\/index.php?rest_route=\/wp\/v2\/posts\/11027\/revisions\/11030"}],"wp:featuredmedia":[{"embeddable":true,"href":"https:\/\/www.petervasara.hu\/2013\/index.php?rest_route=\/wp\/v2\/media\/11028"}],"wp:attachment":[{"href":"https:\/\/www.petervasara.hu\/2013\/index.php?rest_route=%2Fwp%2Fv2%2Fmedia&parent=11027"}],"wp:term":[{"taxonomy":"category","embeddable":true,"href":"https:\/\/www.petervasara.hu\/2013\/index.php?rest_route=%2Fwp%2Fv2%2Fcategories&post=11027"},{"taxonomy":"post_tag","embeddable":true,"href":"https:\/\/www.petervasara.hu\/2013\/index.php?rest_route=%2Fwp%2Fv2%2Ftags&post=11027"}],"curies":[{"name":"wp","href":"https:\/\/api.w.org\/{rel}","templated":true}]}}