{"id":10964,"date":"2021-12-02T13:33:55","date_gmt":"2021-12-02T12:33:55","guid":{"rendered":"http:\/\/www.petervasara.hu\/2013\/?p=10964"},"modified":"2024-02-07T08:55:35","modified_gmt":"2024-02-07T07:55:35","slug":"karacsonyi-vasar-2021","status":"publish","type":"post","link":"https:\/\/www.petervasara.hu\/2013\/?p=10964","title":{"rendered":"Kar\u00e1csonyi v\u00e1s\u00e1r 2021."},"content":{"rendered":"\n<p>El\u00e9rkezett az \u00e9v legszentebb id\u0151szaka, az adventi v\u00e1rakoz\u00e1s ideje&#8230; tegy\u00fck eml\u00e9kezetess\u00e9 egy kellemes d\u00e9lut\u00e1nnal, <strong>tal\u00e1lkozzunk P\u00e9terv\u00e1s\u00e1ra F\u0151ter\u00e9n 2021. december 11-\u00e9n (szombaton) a Kar\u00e1csonyi V\u00e1s\u00e1rban<\/strong> !<\/p>\n\n\n\n<p><\/p>\n\n\n\n<figure class=\"wp-block-image size-large\"><a href=\"http:\/\/www.petervasara.hu\/2013\/wp-content\/uploads\/2021\/12\/261497022_3089193248065425_1741411596491282708_n.jpg\"><img loading=\"lazy\" decoding=\"async\" width=\"727\" height=\"1024\" src=\"http:\/\/www.petervasara.hu\/2013\/wp-content\/uploads\/2021\/12\/261497022_3089193248065425_1741411596491282708_n-727x1024.jpg\" alt=\"\" class=\"wp-image-10965\" srcset=\"https:\/\/www.petervasara.hu\/2013\/wp-content\/uploads\/2021\/12\/261497022_3089193248065425_1741411596491282708_n-727x1024.jpg 727w, https:\/\/www.petervasara.hu\/2013\/wp-content\/uploads\/2021\/12\/261497022_3089193248065425_1741411596491282708_n-213x300.jpg 213w, https:\/\/www.petervasara.hu\/2013\/wp-content\/uploads\/2021\/12\/261497022_3089193248065425_1741411596491282708_n-768x1082.jpg 768w, https:\/\/www.petervasara.hu\/2013\/wp-content\/uploads\/2021\/12\/261497022_3089193248065425_1741411596491282708_n-1091x1536.jpg 1091w, https:\/\/www.petervasara.hu\/2013\/wp-content\/uploads\/2021\/12\/261497022_3089193248065425_1741411596491282708_n-380x535.jpg 380w, https:\/\/www.petervasara.hu\/2013\/wp-content\/uploads\/2021\/12\/261497022_3089193248065425_1741411596491282708_n-800x1127.jpg 800w, https:\/\/www.petervasara.hu\/2013\/wp-content\/uploads\/2021\/12\/261497022_3089193248065425_1741411596491282708_n-1160x1634.jpg 1160w, https:\/\/www.petervasara.hu\/2013\/wp-content\/uploads\/2021\/12\/261497022_3089193248065425_1741411596491282708_n.jpg 1454w\" sizes=\"(max-width: 727px) 100vw, 727px\" \/><\/a><\/figure>\n","protected":false},"excerpt":{"rendered":"El\u00e9rkezett az \u00e9v legszentebb id\u0151szaka, az adventi v\u00e1rakoz\u00e1s ideje&#8230; tegy\u00fck eml\u00e9kezetess\u00e9 egy kellemes d\u00e9lut\u00e1nnal, tal\u00e1lkozzunk P\u00e9terv\u00e1s\u00e1ra F\u0151ter\u00e9n 2021.&hellip;\n","protected":false},"author":1,"featured_media":10966,"comment_status":"closed","ping_status":"open","sticky":false,"template":"","format":"standard","meta":{"footnotes":""},"categories":[2],"tags":[211,221,78,86],"views":1450,"_links":{"self":[{"href":"https:\/\/www.petervasara.hu\/2013\/index.php?rest_route=\/wp\/v2\/posts\/10964"}],"collection":[{"href":"https:\/\/www.petervasara.hu\/2013\/index.php?rest_route=\/wp\/v2\/posts"}],"about":[{"href":"https:\/\/www.petervasara.hu\/2013\/index.php?rest_route=\/wp\/v2\/types\/post"}],"author":[{"embeddable":true,"href":"https:\/\/www.petervasara.hu\/2013\/index.php?rest_route=\/wp\/v2\/users\/1"}],"replies":[{"embeddable":true,"href":"https:\/\/www.petervasara.hu\/2013\/index.php?rest_route=%2Fwp%2Fv2%2Fcomments&post=10964"}],"version-history":[{"count":1,"href":"https:\/\/www.petervasara.hu\/2013\/index.php?rest_route=\/wp\/v2\/posts\/10964\/revisions"}],"predecessor-version":[{"id":10967,"href":"https:\/\/www.petervasara.hu\/2013\/index.php?rest_route=\/wp\/v2\/posts\/10964\/revisions\/10967"}],"wp:featuredmedia":[{"embeddable":true,"href":"https:\/\/www.petervasara.hu\/2013\/index.php?rest_route=\/wp\/v2\/media\/10966"}],"wp:attachment":[{"href":"https:\/\/www.petervasara.hu\/2013\/index.php?rest_route=%2Fwp%2Fv2%2Fmedia&parent=10964"}],"wp:term":[{"taxonomy":"category","embeddable":true,"href":"https:\/\/www.petervasara.hu\/2013\/index.php?rest_route=%2Fwp%2Fv2%2Fcategories&post=10964"},{"taxonomy":"post_tag","embeddable":true,"href":"https:\/\/www.petervasara.hu\/2013\/index.php?rest_route=%2Fwp%2Fv2%2Ftags&post=10964"}],"curies":[{"name":"wp","href":"https:\/\/api.w.org\/{rel}","templated":true}]}}