{"id":10958,"date":"2021-12-01T10:54:02","date_gmt":"2021-12-01T09:54:02","guid":{"rendered":"http:\/\/www.petervasara.hu\/2013\/?p=10958"},"modified":"2024-02-07T08:55:35","modified_gmt":"2024-02-07T07:55:35","slug":"informaciok-a-terpes-petervasara-viztarozo-kialakitasaval-kapcsolatban","status":"publish","type":"post","link":"https:\/\/www.petervasara.hu\/2013\/?p=10958","title":{"rendered":"Inform\u00e1ci\u00f3k a Terpes-P\u00e9terv\u00e1s\u00e1ra v\u00edzt\u00e1roz\u00f3 kialak\u00edt\u00e1s\u00e1val kapcsolatban"},"content":{"rendered":"\n<p>A tervezett t\u00e1roz\u00f3 Heves megye \u00e9szaki r\u00e9sz\u00e9n, P\u00e9terv\u00e1s\u00e1rai j\u00e1r\u00e1s\u00e1ban, Terpes k\u00f6zs\u00e9gt\u0151l \u00e9szakra, P\u00e9terv\u00e1s\u00e1r\u00e1t\u00f3l d\u00e9lre helyezkedik a Tarna v\u00f6lgyben. A kijel\u00f6lt t\u00e1roz\u00f3ter\u00fclet P\u00e9terv\u00e1s\u00e1ra, Tarnalesz, B\u00fckksz\u00e9k, Kisf\u00fczes telep\u00fcl\u00e9sek k\u00fclter\u00fclet\u00e9n l\u00e9tes\u00fclne.<\/p>\n\n\n\n<p>A teljes k\u00f6zlem\u00e9ny <a href=\"http:\/\/www.petervasara.hu\/2013\/wp-content\/uploads\/2021\/12\/KOZLEMENY_KVO_3582_2021_KVO_alairt.pdf\" target=\"_blank\" rel=\"noreferrer noopener\">INNEN<\/a> is let\u00f6lthet\u0151.<\/p>\n\n\n\n<p>Az elj\u00e1r\u00e1shoz kapcsol\u00f3d\u00f3 <a href=\"http:\/\/www.petervasara.hu\/2013\/wp-content\/uploads\/2021\/12\/3582_Dokument.zip\" target=\"_blank\" rel=\"noreferrer noopener\">teljes dokument\u00e1ci\u00f3 pedig itt<\/a> \u00e9rhet\u0151 el.<\/p>\n\n\n\n<div data-wp-interactive=\"core\/file\" class=\"wp-block-file\"><object data-wp-bind--hidden=\"!state.hasPdfPreview\"  class=\"wp-block-file__embed\" data=\"http:\/\/www.petervasara.hu\/2013\/wp-content\/uploads\/2021\/12\/KOZLEMENY_KVO_3582_2021_KVO_alairt.pdf\" type=\"application\/pdf\" style=\"width:100%;height:600px\" aria-label=\"PDF be\u00e1gyaz\u00e1s be\u00e1gyaz\u00e1sa\"><\/object><\/div>\n\n\n\n<figure class=\"wp-block-image size-large\"><a href=\"http:\/\/www.petervasara.hu\/2013\/wp-content\/uploads\/2021\/12\/Terpes-Petervasarai-elozetes-HSZR_page-0001-scaled.jpg\"><img loading=\"lazy\" decoding=\"async\" width=\"1024\" height=\"724\" src=\"http:\/\/www.petervasara.hu\/2013\/wp-content\/uploads\/2021\/12\/Terpes-Petervasarai-elozetes-HSZR_page-0001-1024x724.jpg\" alt=\"\" class=\"wp-image-10962\" srcset=\"https:\/\/www.petervasara.hu\/2013\/wp-content\/uploads\/2021\/12\/Terpes-Petervasarai-elozetes-HSZR_page-0001-1024x724.jpg 1024w, https:\/\/www.petervasara.hu\/2013\/wp-content\/uploads\/2021\/12\/Terpes-Petervasarai-elozetes-HSZR_page-0001-300x212.jpg 300w, https:\/\/www.petervasara.hu\/2013\/wp-content\/uploads\/2021\/12\/Terpes-Petervasarai-elozetes-HSZR_page-0001-768x543.jpg 768w, https:\/\/www.petervasara.hu\/2013\/wp-content\/uploads\/2021\/12\/Terpes-Petervasarai-elozetes-HSZR_page-0001-1536x1086.jpg 1536w, https:\/\/www.petervasara.hu\/2013\/wp-content\/uploads\/2021\/12\/Terpes-Petervasarai-elozetes-HSZR_page-0001-2048x1449.jpg 2048w, https:\/\/www.petervasara.hu\/2013\/wp-content\/uploads\/2021\/12\/Terpes-Petervasarai-elozetes-HSZR_page-0001-380x269.jpg 380w, https:\/\/www.petervasara.hu\/2013\/wp-content\/uploads\/2021\/12\/Terpes-Petervasarai-elozetes-HSZR_page-0001-800x566.jpg 800w, https:\/\/www.petervasara.hu\/2013\/wp-content\/uploads\/2021\/12\/Terpes-Petervasarai-elozetes-HSZR_page-0001-1160x820.jpg 1160w, https:\/\/www.petervasara.hu\/2013\/wp-content\/uploads\/2021\/12\/Terpes-Petervasarai-elozetes-HSZR_page-0001-scaled.jpg 2560w\" sizes=\"(max-width: 1024px) 100vw, 1024px\" \/><\/a><\/figure>\n","protected":false},"excerpt":{"rendered":"A tervezett t\u00e1roz\u00f3 Heves megye \u00e9szaki r\u00e9sz\u00e9n, P\u00e9terv\u00e1s\u00e1rai j\u00e1r\u00e1s\u00e1ban, Terpes k\u00f6zs\u00e9gt\u0151l \u00e9szakra, P\u00e9terv\u00e1s\u00e1r\u00e1t\u00f3l d\u00e9lre helyezkedik a Tarna v\u00f6lgyben.&hellip;\n","protected":false},"author":1,"featured_media":10962,"comment_status":"closed","ping_status":"open","sticky":false,"template":"","format":"standard","meta":{"footnotes":""},"categories":[2],"tags":[211,52,161,234],"views":1564,"_links":{"self":[{"href":"https:\/\/www.petervasara.hu\/2013\/index.php?rest_route=\/wp\/v2\/posts\/10958"}],"collection":[{"href":"https:\/\/www.petervasara.hu\/2013\/index.php?rest_route=\/wp\/v2\/posts"}],"about":[{"href":"https:\/\/www.petervasara.hu\/2013\/index.php?rest_route=\/wp\/v2\/types\/post"}],"author":[{"embeddable":true,"href":"https:\/\/www.petervasara.hu\/2013\/index.php?rest_route=\/wp\/v2\/users\/1"}],"replies":[{"embeddable":true,"href":"https:\/\/www.petervasara.hu\/2013\/index.php?rest_route=%2Fwp%2Fv2%2Fcomments&post=10958"}],"version-history":[{"count":2,"href":"https:\/\/www.petervasara.hu\/2013\/index.php?rest_route=\/wp\/v2\/posts\/10958\/revisions"}],"predecessor-version":[{"id":10963,"href":"https:\/\/www.petervasara.hu\/2013\/index.php?rest_route=\/wp\/v2\/posts\/10958\/revisions\/10963"}],"wp:featuredmedia":[{"embeddable":true,"href":"https:\/\/www.petervasara.hu\/2013\/index.php?rest_route=\/wp\/v2\/media\/10962"}],"wp:attachment":[{"href":"https:\/\/www.petervasara.hu\/2013\/index.php?rest_route=%2Fwp%2Fv2%2Fmedia&parent=10958"}],"wp:term":[{"taxonomy":"category","embeddable":true,"href":"https:\/\/www.petervasara.hu\/2013\/index.php?rest_route=%2Fwp%2Fv2%2Fcategories&post=10958"},{"taxonomy":"post_tag","embeddable":true,"href":"https:\/\/www.petervasara.hu\/2013\/index.php?rest_route=%2Fwp%2Fv2%2Ftags&post=10958"}],"curies":[{"name":"wp","href":"https:\/\/api.w.org\/{rel}","templated":true}]}}