{"id":10941,"date":"2021-11-19T11:36:00","date_gmt":"2021-11-19T10:36:00","guid":{"rendered":"http:\/\/www.petervasara.hu\/2013\/?p=10941"},"modified":"2024-02-07T08:55:35","modified_gmt":"2024-02-07T07:55:35","slug":"tajekoztato-az-oltasi-akciohetrol","status":"publish","type":"post","link":"https:\/\/www.petervasara.hu\/2013\/?p=10941","title":{"rendered":"T\u00e1j\u00e9koztat\u00f3 az olt\u00e1si akci\u00f3h\u00e9tr\u0151l"},"content":{"rendered":"\n<p>Az al\u00e1bbiakban a Par\u00e1df\u00fcrd\u0151i k\u00f3rh\u00e1z t\u00e1j\u00e9koztat\u00f3j\u00e1t olvashatj\u00e1k az olt\u00e1si akci\u00f3h\u00e9tr\u0151l:<\/p>\n\n\n\n<p>Az olt\u00e1sra jelentkez\u0151 lakosoknak az \u00e9rv\u00e9nyben l\u00e9v\u0151 j\u00e1rv\u00e1ny\u00fcgyi szab\u00e1lyok alapj\u00e1n olt\u00e1s el\u0151tt a kont\u00e9nerben kell jelentkezni bel\u00e9ptet\u00e9sre! K\u00e9rj\u00fck az olt\u00e1sra jelentkez\u0151ket, <strong>hogy szem\u00e9lyi igazolv\u00e1ny, T\u00c1J k\u00e1rtya minden esetben, amennyiben 2. 3. k\u00f6r\u00f6s olt\u00e1sra j\u00f6n el\u0151z\u0151leg ki\u00e1ll\u00edtott orvos \u00e1ltal al\u00e1\u00edrt olt\u00e1si lapj\u00e1t, illetve a kit\u00f6lt\u00f6tt hozz\u00e1j\u00e1rul\u00f3 nyilatkozatot<\/strong> hozza mag\u00e1val.<\/p>\n\n\n\n<ul><li><a href=\"https:\/\/koronavirus.gov.hu\/sites\/default\/files\/sites\/default\/files\/imce\/_hozzajarulo_nyilatkozat_vedooltashoz_0.pdf\">Hozz\u00e1j\u00e1rul\u00f3 nyilatkozat 1. olt\u00e1shoz<\/a><\/li><li><a href=\"https:\/\/koronavirus.gov.hu\/sites\/default\/files\/sites\/default\/files\/imce\/hozzajarulo_nyilatkozat_3._oltashoz.pdf\">Hozz\u00e1j\u00e1rul\u00f3 nyilatkozat 3. olt\u00e1shoz<\/a><\/li><\/ul>\n\n\n\n<p>Az olt\u00e1sra v\u00e1rakoz\u00e1s \u00e9p\u00fcleten k\u00edv\u00fcl t\u00f6rt\u00e9nik, a g\u00f6rd\u00fcl\u00e9kenyebb bel\u00e9ptet\u00e9s \u00e9rdek\u00e9ben k\u00e9rj\u00fck a lakoss\u00e1got, hogy vegye ig\u00e9nybe az olt\u00e1si <a href=\"https:\/\/www.eeszt.gov.hu\/hu\/web\/guest\/covid-oltas-idopontfoglalas\" target=\"_blank\" rel=\"noreferrer noopener\">id\u0151pontfoglal\u00f3 rendszert<\/a>.<\/p>\n\n\n\n<p>Lehet\u0151s\u00e9g szerint k\u00e9rj\u00fck, hogy a fenti linken jelentkezzenek az olt\u00e1sra. Amennyiben seg\u00edts\u00e9gre van sz\u00fcks\u00e9g munkanapokon 10- 13 \u00f3ra k\u00f6z\u00f6tt h\u00edvj\u00e1k munkat\u00e1rsunkat a +36304609019 telefonsz\u00e1mon. A fentiek elv\u00e9gz\u00e9s\u00e9vel, megr\u00f6vid\u00edti a v\u00e1rakoz\u00e1si id\u0151t, tervezhet\u0151v\u00e9 v\u00e1lik az olt\u00e1sok \u00fctemez\u00e9se \u00e9s v\u00e9lhet\u0151en az egyszerre t\u00f6meges megjelen\u00e9s is elker\u00fclhet\u0151.<\/p>\n\n\n\n<p>Fontos inform\u00e1ci\u00f3k az oltand\u00f3k r\u00e9sz\u00e9re:<\/p>\n\n\n\n<ul><li>2.-3. olt\u00e1s k\u00f6z\u00f6tt el kell telni 4 h\u00f3napnak!<\/li><li>Amennyiben l\u00e1zas beteg volt 2 h\u00e9ten bel\u00fcl, ne j\u00f6jj\u00f6n olt\u00e1sra!<\/li><li>Ha kapott influenza ellenei v\u00e9d\u0151olt\u00e1st 2 h\u00e9ten bel\u00fcl, ne j\u00f6jj\u00f6n olt\u00e1sra!<\/li><li>K\u00f6nnyen levehet\u0151 \u00f6lt\u00f6z\u00e9kbe \u00e9rkezzenek!<\/li><li>Folyad\u00e9kot hozzon mag\u00e1val!<\/li><\/ul>\n\n\n\n<p><a href=\"http:\/\/www.petervasara.hu\/2013\/wp-content\/uploads\/2021\/11\/Tajekoztato-oltasi-akciohetrol.pdf\" target=\"_blank\" rel=\"noreferrer noopener\">Let\u00f6lthet\u0151 t\u00e1j\u00e9koztat\u00f3 lap<\/a><\/p>\n","protected":false},"excerpt":{"rendered":"Az al\u00e1bbiakban a Par\u00e1df\u00fcrd\u0151i k\u00f3rh\u00e1z t\u00e1j\u00e9koztat\u00f3j\u00e1t olvashatj\u00e1k az olt\u00e1si akci\u00f3h\u00e9tr\u0151l: Az olt\u00e1sra jelentkez\u0151 lakosoknak az \u00e9rv\u00e9nyben l\u00e9v\u0151 j\u00e1rv\u00e1ny\u00fcgyi&hellip;\n","protected":false},"author":1,"featured_media":10943,"comment_status":"closed","ping_status":"open","sticky":false,"template":"","format":"standard","meta":{"footnotes":""},"categories":[2],"tags":[211,203],"views":891,"_links":{"self":[{"href":"https:\/\/www.petervasara.hu\/2013\/index.php?rest_route=\/wp\/v2\/posts\/10941"}],"collection":[{"href":"https:\/\/www.petervasara.hu\/2013\/index.php?rest_route=\/wp\/v2\/posts"}],"about":[{"href":"https:\/\/www.petervasara.hu\/2013\/index.php?rest_route=\/wp\/v2\/types\/post"}],"author":[{"embeddable":true,"href":"https:\/\/www.petervasara.hu\/2013\/index.php?rest_route=\/wp\/v2\/users\/1"}],"replies":[{"embeddable":true,"href":"https:\/\/www.petervasara.hu\/2013\/index.php?rest_route=%2Fwp%2Fv2%2Fcomments&post=10941"}],"version-history":[{"count":2,"href":"https:\/\/www.petervasara.hu\/2013\/index.php?rest_route=\/wp\/v2\/posts\/10941\/revisions"}],"predecessor-version":[{"id":10945,"href":"https:\/\/www.petervasara.hu\/2013\/index.php?rest_route=\/wp\/v2\/posts\/10941\/revisions\/10945"}],"wp:featuredmedia":[{"embeddable":true,"href":"https:\/\/www.petervasara.hu\/2013\/index.php?rest_route=\/wp\/v2\/media\/10943"}],"wp:attachment":[{"href":"https:\/\/www.petervasara.hu\/2013\/index.php?rest_route=%2Fwp%2Fv2%2Fmedia&parent=10941"}],"wp:term":[{"taxonomy":"category","embeddable":true,"href":"https:\/\/www.petervasara.hu\/2013\/index.php?rest_route=%2Fwp%2Fv2%2Fcategories&post=10941"},{"taxonomy":"post_tag","embeddable":true,"href":"https:\/\/www.petervasara.hu\/2013\/index.php?rest_route=%2Fwp%2Fv2%2Ftags&post=10941"}],"curies":[{"name":"wp","href":"https:\/\/api.w.org\/{rel}","templated":true}]}}