{"id":10927,"date":"2021-10-19T08:38:21","date_gmt":"2021-10-19T06:38:21","guid":{"rendered":"http:\/\/www.petervasara.hu\/2013\/?p=10927"},"modified":"2024-02-07T08:55:35","modified_gmt":"2024-02-07T07:55:35","slug":"meghivo-oktober-23-ai-unnepseg-5","status":"publish","type":"post","link":"https:\/\/www.petervasara.hu\/2013\/?p=10927","title":{"rendered":"Megh\u00edv\u00f3 &#8211; okt\u00f3ber 23-ai \u00fcnneps\u00e9g"},"content":{"rendered":"\n<p>\u00d6nkorm\u00e1nyzatunk szeretettel megh\u00edvja \u00d6nt \u00e9s kedves csal\u00e1dj\u00e1t a forradalom \u00e9s szabads\u00e1gharc tisztelet\u00e9re megrendezett v\u00e1rosi \u00fcnneps\u00e9gre okt\u00f3ber 22-\u00e9n (p\u00e9nteken) 15 \u00f3rakor.<\/p>\n\n\n\n<figure class=\"wp-block-image size-large\"><a href=\"http:\/\/www.petervasara.hu\/2013\/wp-content\/uploads\/2021\/10\/246168617_3011465155788973_4189374036389193407_n.jpg\"><img loading=\"lazy\" decoding=\"async\" width=\"725\" height=\"1024\" src=\"http:\/\/www.petervasara.hu\/2013\/wp-content\/uploads\/2021\/10\/246168617_3011465155788973_4189374036389193407_n-725x1024.jpg\" alt=\"\" class=\"wp-image-10928\" srcset=\"https:\/\/www.petervasara.hu\/2013\/wp-content\/uploads\/2021\/10\/246168617_3011465155788973_4189374036389193407_n-725x1024.jpg 725w, https:\/\/www.petervasara.hu\/2013\/wp-content\/uploads\/2021\/10\/246168617_3011465155788973_4189374036389193407_n-212x300.jpg 212w, https:\/\/www.petervasara.hu\/2013\/wp-content\/uploads\/2021\/10\/246168617_3011465155788973_4189374036389193407_n-768x1085.jpg 768w, https:\/\/www.petervasara.hu\/2013\/wp-content\/uploads\/2021\/10\/246168617_3011465155788973_4189374036389193407_n-1088x1536.jpg 1088w, https:\/\/www.petervasara.hu\/2013\/wp-content\/uploads\/2021\/10\/246168617_3011465155788973_4189374036389193407_n-380x537.jpg 380w, https:\/\/www.petervasara.hu\/2013\/wp-content\/uploads\/2021\/10\/246168617_3011465155788973_4189374036389193407_n-800x1130.jpg 800w, https:\/\/www.petervasara.hu\/2013\/wp-content\/uploads\/2021\/10\/246168617_3011465155788973_4189374036389193407_n-1160x1638.jpg 1160w, https:\/\/www.petervasara.hu\/2013\/wp-content\/uploads\/2021\/10\/246168617_3011465155788973_4189374036389193407_n.jpg 1450w\" sizes=\"(max-width: 725px) 100vw, 725px\" \/><\/a><\/figure>\n","protected":false},"excerpt":{"rendered":"\u00d6nkorm\u00e1nyzatunk szeretettel megh\u00edvja \u00d6nt \u00e9s kedves csal\u00e1dj\u00e1t a forradalom \u00e9s szabads\u00e1gharc tisztelet\u00e9re megrendezett v\u00e1rosi \u00fcnneps\u00e9gre okt\u00f3ber 22-\u00e9n (p\u00e9nteken)&hellip;\n","protected":false},"author":1,"featured_media":10929,"comment_status":"closed","ping_status":"open","sticky":false,"template":"","format":"standard","meta":{"footnotes":""},"categories":[2],"tags":[211],"views":816,"_links":{"self":[{"href":"https:\/\/www.petervasara.hu\/2013\/index.php?rest_route=\/wp\/v2\/posts\/10927"}],"collection":[{"href":"https:\/\/www.petervasara.hu\/2013\/index.php?rest_route=\/wp\/v2\/posts"}],"about":[{"href":"https:\/\/www.petervasara.hu\/2013\/index.php?rest_route=\/wp\/v2\/types\/post"}],"author":[{"embeddable":true,"href":"https:\/\/www.petervasara.hu\/2013\/index.php?rest_route=\/wp\/v2\/users\/1"}],"replies":[{"embeddable":true,"href":"https:\/\/www.petervasara.hu\/2013\/index.php?rest_route=%2Fwp%2Fv2%2Fcomments&post=10927"}],"version-history":[{"count":1,"href":"https:\/\/www.petervasara.hu\/2013\/index.php?rest_route=\/wp\/v2\/posts\/10927\/revisions"}],"predecessor-version":[{"id":10930,"href":"https:\/\/www.petervasara.hu\/2013\/index.php?rest_route=\/wp\/v2\/posts\/10927\/revisions\/10930"}],"wp:featuredmedia":[{"embeddable":true,"href":"https:\/\/www.petervasara.hu\/2013\/index.php?rest_route=\/wp\/v2\/media\/10929"}],"wp:attachment":[{"href":"https:\/\/www.petervasara.hu\/2013\/index.php?rest_route=%2Fwp%2Fv2%2Fmedia&parent=10927"}],"wp:term":[{"taxonomy":"category","embeddable":true,"href":"https:\/\/www.petervasara.hu\/2013\/index.php?rest_route=%2Fwp%2Fv2%2Fcategories&post=10927"},{"taxonomy":"post_tag","embeddable":true,"href":"https:\/\/www.petervasara.hu\/2013\/index.php?rest_route=%2Fwp%2Fv2%2Ftags&post=10927"}],"curies":[{"name":"wp","href":"https:\/\/api.w.org\/{rel}","templated":true}]}}