{"id":10920,"date":"2021-10-15T10:25:45","date_gmt":"2021-10-15T08:25:45","guid":{"rendered":"http:\/\/www.petervasara.hu\/2013\/?p=10920"},"modified":"2024-02-07T08:55:35","modified_gmt":"2024-02-07T07:55:35","slug":"szabalytalan-ebtartas-megelozese","status":"publish","type":"post","link":"https:\/\/www.petervasara.hu\/2013\/?p=10920","title":{"rendered":"Szab\u00e1lytalan ebtart\u00e1s ellen\u0151rz\u00e9se"},"content":{"rendered":"\n<p>Az elm\u00falt id\u0151szakban sz\u00e1mos k\u00f6z\u00e9rdek\u0171 bejelent\u00e9st ny\u00fajtottak be az \u00d6nkorm\u00e1nyzathoz, mert a lak\u00f3k\u00f6rnyezetet zavar\u00f3 \u00e9s a k\u00f6zter\u00fcleten k\u00f6zleked\u0151ket vesz\u00e9lyeztet\u0151 m\u00f3don tartanak kuty\u00e1t.<\/p>\n\n\n\n<p><strong>Ennek hat\u00e1s\u00e1ra ellen\u0151rizni fogjuk a v\u00e1rosunkban tapasztalhat\u00f3 szab\u00e1lytalan ebtart\u00e1st.<\/strong><\/p>\n\n\n\n<p>Az \u00e1llatok v\u00e9delm\u00e9r\u0151l \u00e9s k\u00edm\u00e9let\u00e9r\u0151l sz\u00f3l\u00f3 1998. \u00e9vi XXVIII. t\u00f6rv\u00e9ny (\u00c1vt.) alapj\u00e1n az \u00e1llattart\u00f3 k\u00f6teles gondoskodni az \u00e1llat megfelel\u0151 biztons\u00e1gos elhelyez\u00e9s\u00e9r\u0151l, szakszer\u0171 gondoz\u00e1s\u00e1r\u00f3l, sz\u00f6k\u00e9s\u00e9nek megakad\u00e1lyoz\u00e1s\u00e1r\u00f3l. <\/p>\n\n\n\n<p class=\"has-gray-50-color has-secondary-background-color has-text-color has-background\"><strong>Aki e k\u00f6telezetts\u00e9g\u00e9nek nem tesz eleget, <\/strong>az \u00e1llatv\u00e9delmi b\u00edrs\u00e1gr\u00f3l sz\u00f3l\u00f3 244\/1998.(XII.31.) Korm. rendelet \u00e9rtelm\u00e9ben <strong>15.000, &#8211; 90.000, forintig terjed\u0151 b\u00edrs\u00e1ggal s\u00fajthat\u00f3.<\/strong> 2013. janu\u00e1r 1. \u00f3ta a 4 h\u00f3naposn\u00e1l id\u0151sebb kutya m\u00e1r csak chippel ell\u00e1tva tarthat\u00f3. <strong>Ha valaki az<\/strong> <strong>\u00e1llat k\u00f6telez\u0151 megjel\u00f6l\u00e9s\u00e9t nem v\u00e9gezteti el 45.000,-Ft-tal kezd\u0151d\u0151 b\u00edrs\u00e1ggal s\u00fajthat\u00f3.<\/strong><\/p>\n\n\n\n<p>A szab\u00e1lys\u00e9rt\u00e9sekr\u0151l, a szab\u00e1lys\u00e9rt\u00e9si elj\u00e1r\u00e1sr\u00f3l \u00e9s a szab\u00e1lys\u00e9rt\u00e9si nyilv\u00e1ntart\u00e1si rendszerr\u0151l sz\u00f3l\u00f3 2012. \u00e9vi II. t\u00f6rv\u00e9ny 193. \u00a7-a szerint: <strong>az a szem\u00e9ly, aki kuty\u00e1j\u00e1t fel\u00fcgyelet n\u00e9lk\u00fcl k\u00f6zter\u00fcletre bocs\u00e1tja, vagy k\u00f3borolni hagyja (kisz\u00f6kik az utc\u00e1ra) szab\u00e1lys\u00e9rt\u00e9st k\u00f6vet el \u00e9s p\u00e9nzb\u00edrs\u00e1ggal s\u00fajthat\u00f3.<\/strong> A szab\u00e1lys\u00e9rt\u00e9si elj\u00e1r\u00e1s lefolytat\u00e1s\u00e1ra a rend\u0151rs\u00e9g jogosult.<\/p>\n\n\n\n<p>A kedvtel\u00e9sb\u0151l tartott \u00e1llatok tart\u00e1s\u00e1r\u00f3l \u00e9s forgalmaz\u00e1s\u00e1r\u00f3l sz\u00f3l\u00f3 41\/2010.(II.26.) Korm. rendelet szerint az illet\u00e9kes j\u00e1r\u00e1si \u00e1llat-eg\u00e9szs\u00e9g\u00fcgyi hat\u00f3s\u00e1g egyedileg vesz\u00e9lyess\u00e9 min\u0151s\u00edtheti a kuty\u00e1t, ha az embernek vagy \u00e1llatnak fizikai s\u00e9r\u00fcl\u00e9st okozott. Ekkor az \u00e1llat-eg\u00e9szs\u00e9g\u00fcgyi hat\u00f3s\u00e1g az \u00e1llattart\u00f3t az eb tart\u00e1si k\u00f6r\u00fclm\u00e9nyeinek megv\u00e1ltoztat\u00e1s\u00e1ra \u00e9s szigor\u00fabb tart\u00e1si felt\u00e9telek kialak\u00edt\u00e1s\u00e1ra k\u00f6telezheti, illetve indokolt esetben elrendelheti az eb \u00e9let\u00e9nek kiolt\u00e1s\u00e1t.<\/p>\n\n\n\n<p>2021. j\u00faliusban megt\u00f6rt\u00e9nt az ebek veszetts\u00e9g elleni v\u00e9d\u0151olt\u00e1sa. Adataink szerint nagyon sok kutya nem r\u00e9szes\u00fclt v\u00e9d\u0151olt\u00e1sban az \u00e1llattart\u00f3 mulaszt\u00e1sa miatt, ez\u00e9rt is int\u00e9zked\u00e9st tervez\u00fcnk.<\/p>\n\n\n\n<p><strong>Az olt\u00e1si k\u00f6telezetts\u00e9g elmulaszt\u00e1s\u00e1\u00e9rt az \u00e1llat tart\u00f3j\u00e1val szemben b\u00edrs\u00e1g szabhat\u00f3 ki. <\/strong>Az \u00e1llattart\u00f3 k\u00f6teles az olt\u00e1si k\u00f6nyvet meg\u0151rizni \u00e9s azt a v\u00e9d\u0151olt\u00e1s bead\u00e1s\u00e1t ellen\u0151rz\u0151 \u00e1llateg\u00e9szs\u00e9g\u00fcgyi hat\u00f3s\u00e1g felsz\u00f3l\u00edt\u00e1s\u00e1ra bemutatni.<\/p>\n\n\n\n<h2 id=\"a-telepules-belteruleten-talalhato-kobor-allatok-befogasa\" class=\"wp-block-heading\">A telep\u00fcl\u00e9s belter\u00fclet\u00e9n tal\u00e1lhat\u00f3 k\u00f3bor \u00e1llatok befog\u00e1sa<\/h2>\n\n\n\n<p>Ez esetben az \u00d6nkorm\u00e1nyzathoz megtett lakoss\u00e1gi bejelent\u00e9sek alapj\u00e1n a k\u00f6zter\u00fcleteken fel\u00fcgyelet n\u00e9lk\u00fcl tart\u00f3zkod\u00f3, k\u00f3borl\u00f3 \u00e1llatok gyepmesteri int\u00e9zked\u00e9ssel ebrend\u00e9szeti telepre ker\u00fclnek besz\u00e1ll\u00edt\u00e1sra. Ez a gyakorlatban azt jelenti,<strong> hogy novembert\u0151l a k\u00f6zter\u00fcleten tart\u00f3zkod\u00f3 ebek befog\u00e1s\u00e1ra int\u00e9zked\u00fcnk.<\/strong><\/p>\n\n\n\n<p class=\"has-gray-50-color has-secondary-background-color has-text-color has-background\"><strong>Ha a k\u00f3bor \u00e1llat tulajdonosa ismertt\u00e9 v\u00e1lik, a tulajdonos az \u00e1llatot ugyan visszaveheti, azonban a kutya befog\u00e1s\u00e1val \u00e9s elhelyez\u00e9s\u00e9vel kapcsolatos k\u00f6lts\u00e9geket k\u00f6teles megt\u00e9r\u00edteni.<\/strong><\/p>\n\n\n\n<p><strong>Felh\u00edvjuk az ebtulajdonosok, ebtart\u00f3k figyelm\u00e9t, hogy a<\/strong> <strong>fentiekben felsorolt<\/strong> <strong>jogk\u00f6vetkezm\u00e9nyek elker\u00fcl\u00e9se \u00e9rdek\u00e9ben jobban \u00fcgyeljenek a szab\u00e1lyos ebtart\u00e1sra.<\/strong><\/p>\n\n\n\n<p>Eged Istv\u00e1n\u00a0&#8211; polg\u00e1rmester<\/p>\n","protected":false},"excerpt":{"rendered":"Az elm\u00falt id\u0151szakban sz\u00e1mos k\u00f6z\u00e9rdek\u0171 bejelent\u00e9st ny\u00fajtottak be az \u00d6nkorm\u00e1nyzathoz, mert a lak\u00f3k\u00f6rnyezetet zavar\u00f3 \u00e9s a k\u00f6zter\u00fcleten k\u00f6zleked\u0151ket&hellip;\n","protected":false},"author":1,"featured_media":10921,"comment_status":"closed","ping_status":"open","sticky":false,"template":"","format":"standard","meta":{"footnotes":""},"categories":[2],"tags":[211],"views":1278,"_links":{"self":[{"href":"https:\/\/www.petervasara.hu\/2013\/index.php?rest_route=\/wp\/v2\/posts\/10920"}],"collection":[{"href":"https:\/\/www.petervasara.hu\/2013\/index.php?rest_route=\/wp\/v2\/posts"}],"about":[{"href":"https:\/\/www.petervasara.hu\/2013\/index.php?rest_route=\/wp\/v2\/types\/post"}],"author":[{"embeddable":true,"href":"https:\/\/www.petervasara.hu\/2013\/index.php?rest_route=\/wp\/v2\/users\/1"}],"replies":[{"embeddable":true,"href":"https:\/\/www.petervasara.hu\/2013\/index.php?rest_route=%2Fwp%2Fv2%2Fcomments&post=10920"}],"version-history":[{"count":3,"href":"https:\/\/www.petervasara.hu\/2013\/index.php?rest_route=\/wp\/v2\/posts\/10920\/revisions"}],"predecessor-version":[{"id":10926,"href":"https:\/\/www.petervasara.hu\/2013\/index.php?rest_route=\/wp\/v2\/posts\/10920\/revisions\/10926"}],"wp:featuredmedia":[{"embeddable":true,"href":"https:\/\/www.petervasara.hu\/2013\/index.php?rest_route=\/wp\/v2\/media\/10921"}],"wp:attachment":[{"href":"https:\/\/www.petervasara.hu\/2013\/index.php?rest_route=%2Fwp%2Fv2%2Fmedia&parent=10920"}],"wp:term":[{"taxonomy":"category","embeddable":true,"href":"https:\/\/www.petervasara.hu\/2013\/index.php?rest_route=%2Fwp%2Fv2%2Fcategories&post=10920"},{"taxonomy":"post_tag","embeddable":true,"href":"https:\/\/www.petervasara.hu\/2013\/index.php?rest_route=%2Fwp%2Fv2%2Ftags&post=10920"}],"curies":[{"name":"wp","href":"https:\/\/api.w.org\/{rel}","templated":true}]}}