{"id":10635,"date":"2021-03-05T10:11:17","date_gmt":"2021-03-05T09:11:17","guid":{"rendered":"http:\/\/www.petervasara.hu\/2013\/?p=10635"},"modified":"2021-03-22T12:55:03","modified_gmt":"2021-03-22T11:55:03","slug":"koronavirus-tajekoztatok-a-legujabb-valtoztatasokrol-marcius-5","status":"publish","type":"post","link":"https:\/\/www.petervasara.hu\/2013\/?p=10635","title":{"rendered":"Koronav\u00edrus t\u00e1j\u00e9koztat\u00f3k a leg\u00fajabb v\u00e1ltoztat\u00e1sokr\u00f3l (m\u00e1rcius 22.)"},"content":{"rendered":"\n<p class=\"has-luminous-vivid-amber-background-color has-background\"><strong>A P\u00e9terv\u00e1s\u00e1rai K\u00f6z\u00f6s \u00d6nkorm\u00e1nyzati Hivatal 2021. m\u00e1rcius 8-t\u00f3l csak \u00fcgyeleti szinten m\u0171k\u00f6dik.<\/strong> <\/p>\n\n\n\n<ul><li>\u00dcgyint\u00e9z\u00e9s telefonon, vagy e-mailben t\u00f6rt\u00e9nik az al\u00e1bbi el\u00e9rhet\u0151s\u00e9geken:  36\/568-036, vagy 36\/568-037 Email: hivatal[kukac]petervasara.hu<\/li><li><strong>V\u00e1ltoz\u00e1sok <\/strong>az az <strong>Aranykapu <\/strong>Hum\u00e1n Szolg\u00e1ltat\u00f3 K\u00f6zpont szolg\u00e1ltat\u00e1saiban. (<a href=\"http:\/\/www.petervasara.hu\/2013\/wp-content\/uploads\/2021\/03\/aranykapu_0305.pdf\">let\u00f6lthet\u0151 itt<\/a>)<\/li><li>A<strong> P\u00e9terv\u00e1s\u00e1rai Napk\u00f6ziotthonos \u00d3voda \u00e9s B\u00f6lcs\u00f6d\u00e9ben 2021. m\u00e1rcius 8-t\u00f3l 2021. \u00e1prilis 7-ig rendk\u00edv\u00fcli sz\u00fcnetet rendelt el az Emberi er\u0151forr\u00e1sok minisztere!<\/strong><\/li><li>2021. m\u00e1rcius 8. napt\u00f3l a b\u00f6lcs\u0151d\u00e9ben rendk\u00edv\u00fcli sz\u00fcnet id\u0151tartama alatt a gyermekek ell\u00e1t\u00e1s\u00e1ra \u00fcgyelet keret\u00e9ben ker\u00fcl sor. K\u00e9rem, hogy az a sz\u00fcl\u0151, aki home office-ban dolgozik, vagy iskolai kor\u00fa gyermekkel otthon van, \u00e9s tud gondoskodni gyermek\u00e9r\u0151l ne vigye az int\u00e9zm\u00e9nybe gyermek\u00e9t. Felh\u00edvom a sz\u00fcl\u0151k figyelm\u00e9t arra, hogy a gyermekfel\u00fcgyeletet csak a legsz\u00fcks\u00e9gesebb esetben \u2013 k\u00fcl\u00f6n\u00f6sen munkav\u00e9gz\u00e9s, v\u00e9dekez\u00e9sben val\u00f3 r\u00e9szv\u00e9tel \u2013 eset\u00e9n vegy\u00e9k ig\u00e9nybe. <\/li><li>Az iskolai, \u00f3vodai, b\u00f6lcs\u0151dei \u00fcgyeletbe kiz\u00e1r\u00f3lag eg\u00e9szs\u00e9ges gyermeket vihetnek a sz\u00fcl\u0151k. <strong> K\u00e9rem a sz\u00fcl\u0151ket, hogy aki ig\u00e9nyli gyermeke r\u00e9sz\u00e9re az \u00fcgyeleti ell\u00e1t\u00e1st, az <span style=\"text-decoration: underline;\">2021. m\u00e1rcius 8.-\u00e1ig jelezz\u00e9k az \u00d3vodai Messenger csoportban vagy az ovoda@petervasara.hu e-mail c\u00edmen, vagy munkaid\u0151ben a 36\/368-111-es telefonsz\u00e1mon.<\/span><\/strong><\/li><li><strong>P\u00e9terv\u00e1s\u00e1ra V\u00e1ros \u00d6nkorm\u00e1nyzat 2021. m\u00e1rcius 8. napj\u00e1t\u00f3l 2021. m\u00e1rcius 31-ig minden p\u00e9terv\u00e1s\u00e1rai<\/strong> (b\u00f6lcs\u0151d\u00e9s, \u00f3vod\u00e1s, \u00e1ltal\u00e1nos iskol\u00e1s) <strong>gyermeknek <\/strong>\u2013 f\u00fcggetlen\u00fcl att\u00f3l, hogy helyben vagy m\u00e1s telep\u00fcl\u00e9sen j\u00e1r \u00f3vod\u00e1ba, iskol\u00e1ba, illetve t\u00e9r\u00edt\u00e9sk\u00f6telesen vagy ingyenesen \u00e9tkezik \u2013<strong> t\u00e9r\u00edt\u00e9smentesen biztos\u00edtja az int\u00e9zm\u00e9nyi \u00e9tkez\u00e9st. <\/strong>Az iskol\u00e1sok, \u00e9s az \u00fcgyeletet nem k\u00e9r\u0151 \u00f3vod\u00e1sok, b\u00f6lcs\u0151d\u00e9sek \u00e9tkeztet\u00e9se a P\u00e9terv\u00e1s\u00e1ra, Ifj\u00fas\u00e1g \u00fat 2. sz\u00e1m alatti iskolai \u00e9tkez\u0151b\u0151l \u00e9telhord\u00f3ban elvitellel t\u00f6rt\u00e9nik. Az \u00e9tkez\u00e9si ig\u00e9nyt k\u00e9rj\u00fck, hogy munkanapokon 8.00-12.00 \u00f3ra k\u00f6z\u00f6tt a 06\/36-368-426-os telefonsz\u00e1mon jelezz\u00e9k. Nem a Tam\u00e1si \u00c1ron \u00c1ltal\u00e1nos Iskol\u00e1ba j\u00e1r\u00f3 gyermekek di\u00e1kigazolv\u00e1nnyal igazolj\u00e1k tanul\u00f3i jogviszonyukat.<\/li><li>Az \u00c9RV Zrt. t\u00e1j\u00e9koztat\u00f3i<ul><li><a rel=\"noreferrer noopener\" href=\"http:\/\/www.petervasara.hu\/2013\/wp-content\/uploads\/2021\/03\/Ugyfelszolgalati-irodak-mukodesenek-korlatozasa-2021.-03.-08..pdf\" target=\"_blank\">Az \u00fcgyf\u00e9lszolg\u00e1latukkal kapcsolatban<\/a><\/li><li><a href=\"http:\/\/www.petervasara.hu\/2013\/wp-content\/uploads\/2021\/03\/Egyes-muszaki-tevekenysegek-korlatozasa-2021.-03.-08..pdf\">A tev\u00e9kenys\u00e9g\u00fckkel kapcsolatban<\/a><\/li><li><a rel=\"noreferrer noopener\" href=\"http:\/\/www.petervasara.hu\/2013\/wp-content\/uploads\/2021\/03\/LAKOSSAGI-TAJEKOZTATO-ERV.-ZRT.-SZAMLAZASI-REND-MODOSULASA-B.-A.-Z.-ES-HEVES-MEGYE.pdf\" target=\"_blank\">A sz\u00e1ml\u00e1z\u00e1si rend v\u00e1ltoz\u00e1s\u00e1val kapcsolatban<\/a><\/li><\/ul><\/li><\/ul>\n\n\n\n<figure class=\"wp-block-image size-large\"><a href=\"http:\/\/www.petervasara.hu\/2013\/wp-content\/uploads\/2021\/03\/156639712_5182824288456916_3418812122577527039_o_0.jpg\"><img loading=\"lazy\" decoding=\"async\" width=\"761\" height=\"1024\" src=\"http:\/\/www.petervasara.hu\/2013\/wp-content\/uploads\/2021\/03\/156639712_5182824288456916_3418812122577527039_o_0-761x1024.jpg\" alt=\"\" class=\"wp-image-10642\" srcset=\"https:\/\/www.petervasara.hu\/2013\/wp-content\/uploads\/2021\/03\/156639712_5182824288456916_3418812122577527039_o_0-761x1024.jpg 761w, https:\/\/www.petervasara.hu\/2013\/wp-content\/uploads\/2021\/03\/156639712_5182824288456916_3418812122577527039_o_0-768x1033.jpg 768w, https:\/\/www.petervasara.hu\/2013\/wp-content\/uploads\/2021\/03\/156639712_5182824288456916_3418812122577527039_o_0.jpg 892w\" sizes=\"(max-width: 761px) 100vw, 761px\" \/><\/a><\/figure>\n","protected":false},"excerpt":{"rendered":"A P\u00e9terv\u00e1s\u00e1rai K\u00f6z\u00f6s \u00d6nkorm\u00e1nyzati Hivatal 2021. m\u00e1rcius 8-t\u00f3l csak \u00fcgyeleti szinten m\u0171k\u00f6dik. \u00dcgyint\u00e9z\u00e9s telefonon, vagy e-mailben t\u00f6rt\u00e9nik az&hellip;\n","protected":false},"author":1,"featured_media":10637,"comment_status":"closed","ping_status":"open","sticky":false,"template":"","format":"standard","meta":{"footnotes":""},"categories":[2],"tags":[211,203,174],"views":1282,"_links":{"self":[{"href":"https:\/\/www.petervasara.hu\/2013\/index.php?rest_route=\/wp\/v2\/posts\/10635"}],"collection":[{"href":"https:\/\/www.petervasara.hu\/2013\/index.php?rest_route=\/wp\/v2\/posts"}],"about":[{"href":"https:\/\/www.petervasara.hu\/2013\/index.php?rest_route=\/wp\/v2\/types\/post"}],"author":[{"embeddable":true,"href":"https:\/\/www.petervasara.hu\/2013\/index.php?rest_route=\/wp\/v2\/users\/1"}],"replies":[{"embeddable":true,"href":"https:\/\/www.petervasara.hu\/2013\/index.php?rest_route=%2Fwp%2Fv2%2Fcomments&post=10635"}],"version-history":[{"count":14,"href":"https:\/\/www.petervasara.hu\/2013\/index.php?rest_route=\/wp\/v2\/posts\/10635\/revisions"}],"predecessor-version":[{"id":10669,"href":"https:\/\/www.petervasara.hu\/2013\/index.php?rest_route=\/wp\/v2\/posts\/10635\/revisions\/10669"}],"wp:featuredmedia":[{"embeddable":true,"href":"https:\/\/www.petervasara.hu\/2013\/index.php?rest_route=\/wp\/v2\/media\/10637"}],"wp:attachment":[{"href":"https:\/\/www.petervasara.hu\/2013\/index.php?rest_route=%2Fwp%2Fv2%2Fmedia&parent=10635"}],"wp:term":[{"taxonomy":"category","embeddable":true,"href":"https:\/\/www.petervasara.hu\/2013\/index.php?rest_route=%2Fwp%2Fv2%2Fcategories&post=10635"},{"taxonomy":"post_tag","embeddable":true,"href":"https:\/\/www.petervasara.hu\/2013\/index.php?rest_route=%2Fwp%2Fv2%2Ftags&post=10635"}],"curies":[{"name":"wp","href":"https:\/\/api.w.org\/{rel}","templated":true}]}}