{"id":10596,"date":"2021-01-04T12:14:57","date_gmt":"2021-01-04T11:14:57","guid":{"rendered":"http:\/\/www.petervasara.hu\/2013\/?p=10596"},"modified":"2021-04-14T10:13:59","modified_gmt":"2021-04-14T08:13:59","slug":"hatalyos-rendeletek-2","status":"publish","type":"post","link":"https:\/\/www.petervasara.hu\/2013\/?p=10596","title":{"rendered":"Hat\u00e1lyos rendeletek"},"content":{"rendered":"\n<p>\u00d6nkorm\u00e1nyzatunk hat\u00e1lyos rendeleteit ezent\u00fal a Nemzeti Jogszab\u00e1lyt\u00e1rban (NJT) \u00e9rhetik el az \u00e9rdekl\u0151d\u0151k. Az itt tal\u00e1lhat\u00f3 rendeletek mind\u00edg az aktu\u00e1lis, hat\u00e1lyos \u00e1llapotot mutatj\u00e1k.<\/p>\n\n\n\n<p class=\"has-pale-cyan-blue-background-color has-background\"><a href=\"https:\/\/or.njt.hu\/onkorm\/-:4:547:-:-:1:-:-:-\/1\/10\" target=\"_blank\" rel=\"noreferrer noopener\">A Nemzeti Jogszab\u00e1lyt\u00e1r \u00d6nkorm\u00e1nyzati Rendelett\u00e1r\u00e1t Innen \u00e9rheti el.<\/a><\/p>\n\n\n\n<p>Fontosabb rendeletek:<\/p>\n\n\n\n<p id=\"c1_318300\"><strong>\u00c9p\u00edtm\u00e9nyad\u00f3r\u00f3l:<\/strong><br><a rel=\"noreferrer noopener\" href=\"https:\/\/njt.hu\/njtonkorm.php?njtcp=eh3eg4ed3dr2eo3dt6ee7em6cj1ca0cb1cd4cf5cf2cb1f\" target=\"_blank\">P\u00e9terv\u00e1s\u00e1ra V\u00e1ros \u00d6nkorm\u00e1nyzat K\u00e9pvisel\u0151-test\u00fclet\u00e9nek 19\/2020 (XII.15.) \u00f6nkorm\u00e1nyzati rendelete<\/a> (2021-01-01-t\u00f3l a helyi ad\u00f3kr\u00f3l sz\u00f3l\u00f3 15\/2015. (XI.27.) \u00f6nkorm\u00e1nyzati rendelet m\u00f3dos\u00edt\u00e1s\u00e1r\u00f3l)<\/p>\n\n\n\n<p id=\"c1_301070\"><strong>&#8220;Csend rendelet&#8221;<\/strong><br><a rel=\"noreferrer noopener\" href=\"https:\/\/njt.hu\/njtonkorm.php?njtcp=eh4eg1ed2dr1eo8dt5ee0em1cj8ca1bz8bw5cb4cb3cf4h\" target=\"_blank\">P\u00e9terv\u00e1s\u00e1ra V\u00e1ros \u00d6nkorm\u00e1nyzat K\u00e9pvisel\u0151-test\u00fclet\u00e9nek 14\/2020 (VII.16.) \u00f6nkorm\u00e1nyzati rendelete<\/a> (2020-07-17-t\u00f3l a helyi k\u00f6rnyezetv\u00e9delem szab\u00e1lyair\u00f3l sz\u00f3l\u00f3 12\/2001. (XI.6.) \u00f6nkorm\u00e1nyzati rendelet m\u00f3dos\u00edt\u00e1s\u00e1r\u00f3l) <\/p>\n","protected":false},"excerpt":{"rendered":"\u00d6nkorm\u00e1nyzatunk hat\u00e1lyos rendeleteit ezent\u00fal a Nemzeti Jogszab\u00e1lyt\u00e1rban (NJT) \u00e9rhetik el az \u00e9rdekl\u0151d\u0151k. Az itt tal\u00e1lhat\u00f3 rendeletek mind\u00edg az&hellip;\n","protected":false},"author":1,"featured_media":10598,"comment_status":"closed","ping_status":"open","sticky":false,"template":"","format":"standard","meta":{"footnotes":""},"categories":[2],"tags":[211,212,213],"views":4453,"_links":{"self":[{"href":"https:\/\/www.petervasara.hu\/2013\/index.php?rest_route=\/wp\/v2\/posts\/10596"}],"collection":[{"href":"https:\/\/www.petervasara.hu\/2013\/index.php?rest_route=\/wp\/v2\/posts"}],"about":[{"href":"https:\/\/www.petervasara.hu\/2013\/index.php?rest_route=\/wp\/v2\/types\/post"}],"author":[{"embeddable":true,"href":"https:\/\/www.petervasara.hu\/2013\/index.php?rest_route=\/wp\/v2\/users\/1"}],"replies":[{"embeddable":true,"href":"https:\/\/www.petervasara.hu\/2013\/index.php?rest_route=%2Fwp%2Fv2%2Fcomments&post=10596"}],"version-history":[{"count":2,"href":"https:\/\/www.petervasara.hu\/2013\/index.php?rest_route=\/wp\/v2\/posts\/10596\/revisions"}],"predecessor-version":[{"id":10679,"href":"https:\/\/www.petervasara.hu\/2013\/index.php?rest_route=\/wp\/v2\/posts\/10596\/revisions\/10679"}],"wp:featuredmedia":[{"embeddable":true,"href":"https:\/\/www.petervasara.hu\/2013\/index.php?rest_route=\/wp\/v2\/media\/10598"}],"wp:attachment":[{"href":"https:\/\/www.petervasara.hu\/2013\/index.php?rest_route=%2Fwp%2Fv2%2Fmedia&parent=10596"}],"wp:term":[{"taxonomy":"category","embeddable":true,"href":"https:\/\/www.petervasara.hu\/2013\/index.php?rest_route=%2Fwp%2Fv2%2Fcategories&post=10596"},{"taxonomy":"post_tag","embeddable":true,"href":"https:\/\/www.petervasara.hu\/2013\/index.php?rest_route=%2Fwp%2Fv2%2Ftags&post=10596"}],"curies":[{"name":"wp","href":"https:\/\/api.w.org\/{rel}","templated":true}]}}