{"id":10579,"date":"2020-11-24T12:41:48","date_gmt":"2020-11-24T11:41:48","guid":{"rendered":"http:\/\/www.petervasara.hu\/2013\/?p=10579"},"modified":"2020-11-24T12:43:06","modified_gmt":"2020-11-24T11:43:06","slug":"petervasara-mint-elheto-telepules-fejlesztese","status":"publish","type":"post","link":"https:\/\/www.petervasara.hu\/2013\/?p=10579","title":{"rendered":"P\u00e9terv\u00e1s\u00e1ra, mint \u00e9lhet\u0151 telep\u00fcl\u00e9s fejleszt\u00e9se"},"content":{"rendered":"\n<p>Kedvezm\u00e9nyezett neve: P\u00e9terv\u00e1s\u00e1ra V\u00e1rosi \u00d6nkorm\u00e1nyzat<\/p>\n\n\n\n<p>P\u00e1ly\u00e1zati felh\u00edv\u00e1s: \u201e\u00c9lhet\u0151 telep\u00fcl\u00e9sek kialak\u00edt\u00e1sa\u201d VP6-19.2.1.-29-3-17<\/p>\n\n\n\n<p>A projekt c\u00edme: P\u00e9terv\u00e1s\u00e1ra v\u00e1ros, mint \u00e9lhet\u0151 telep\u00fcl\u00e9s fejleszt\u00e9se<\/p>\n\n\n\n<p>Projekt azonos\u00edt\u00f3 sz\u00e1ma: 3010844093<\/p>\n\n\n\n<p><strong>A szerz\u0151d\u00f6tt t\u00e1mogat\u00e1s \u00f6sszege: 12.363.370 Ft<\/strong><\/p>\n\n\n\n<p>A t\u00e1mogat\u00e1s m\u00e9rt\u00e9ke (%-ban): 95%<\/p>\n\n\n\n<p>A projekt tartalm\u00e1nak r\u00f6vid bemutat\u00e1sa:<\/p>\n\n\n\n<p>A projekt keretein bel\u00fcl megval\u00f3sul a ravataloz\u00f3 korszer\u0171s\u00edt\u00e9se. Ki\u00e9p\u00edt\u00e9sre ker\u00fcl a mozg\u00e1skorl\u00e1tozott szem\u00e9lyek \u00e9p\u00fcletbe t\u00f6rt\u00e9n\u0151 bejut\u00e1s\u00e1t seg\u00edt\u0151 akad\u00e1lymentes r\u00e1mpa, az \u00e9p\u00fcletre \u00faj eresz -\u00e9s lefoly\u00f3csatorn\u00e1k ker\u00fclnek, a fedett terasz \u00e9s a ravataloz\u00f3 helyis\u00e9g \u00faj burkolatot kap. &nbsp;<\/p>\n\n\n\n<p>Kialak\u00edt\u00e1sra ker\u00fcl k\u00e9t buszv\u00e1r\u00f3 \u00e9s megjelenik a telep\u00fcl\u00e9s helyt\u00f6rt\u00e9net\u00e9t bemutat\u00f3 kiadv\u00e1ny.<\/p>\n\n\n\n<p>A szelekt\u00edv hullad\u00e9kgy\u0171jt\u0151k beszerz\u00e9s\u00e9vel n\u00f6velni tudjuk a telep\u00fcl\u00e9s lak\u00f3inak k\u00f6rnyezettudatoss\u00e1g\u00e1t.<\/p>\n\n\n\n<p>A v\u00e1ros k\u00f6zbiztons\u00e1g\u00e1nak jav\u00edt\u00e1sa \u00e9rdek\u00e9ben t\u00e9rfigyel\u0151 kamer\u00e1k ker\u00fclnek kihelyez\u00e9sre.<\/p>\n\n\n\n<p>A projektben megval\u00f3sul\u00f3 tev\u00e9kenys\u00e9gek n\u00f6velik a lakosok \u00e9letmin\u0151s\u00e9g\u00e9t \u00e9s hozz\u00e1j\u00e1rulnak a telep\u00fcl\u00e9s, ez\u00e1ltal a t\u00e9rs\u00e9g lakoss\u00e1gmegtart\u00f3 k\u00e9pess\u00e9g\u00e9nek \u00e9s erej\u00e9nek n\u00f6vel\u00e9s\u00e9hez. A t\u00e1mogat\u00e1s eredm\u00e9nyek\u00e9nt egy rendezett, \u00e9lhet\u0151 telep\u00fcl\u00e9s alakul ki. A fejleszt\u00e9sek \u00e1ltal a telep\u00fcl\u00e9sk\u00e9p egys\u00e9ges marad, nem bontja meg a hagyom\u00e1nyos jelleget, meg\u0151rzik a mot\u00edvumokat, a telep\u00fcl\u00e9s jellegzetess\u00e9geit.<\/p>\n\n\n\n<p>A projekt tervezett befejez\u00e9si d\u00e1tuma: 2020.11.30.<\/p>\n\n\n\n<figure class=\"wp-block-image size-large\"><img loading=\"lazy\" decoding=\"async\" width=\"772\" height=\"396\" src=\"http:\/\/www.petervasara.hu\/2013\/wp-content\/uploads\/2020\/11\/1.png\" alt=\"\" class=\"wp-image-10580\" srcset=\"https:\/\/www.petervasara.hu\/2013\/wp-content\/uploads\/2020\/11\/1.png 772w, https:\/\/www.petervasara.hu\/2013\/wp-content\/uploads\/2020\/11\/1-768x394.png 768w\" sizes=\"(max-width: 772px) 100vw, 772px\" \/><\/figure>\n\n\n\n<figure class=\"wp-block-image size-large\"><img loading=\"lazy\" decoding=\"async\" width=\"760\" height=\"130\" src=\"http:\/\/www.petervasara.hu\/2013\/wp-content\/uploads\/2020\/11\/2.png\" alt=\"\" class=\"wp-image-10581\"\/><\/figure>\n","protected":false},"excerpt":{"rendered":"Kedvezm\u00e9nyezett neve: P\u00e9terv\u00e1s\u00e1ra V\u00e1rosi \u00d6nkorm\u00e1nyzat P\u00e1ly\u00e1zati felh\u00edv\u00e1s: \u201e\u00c9lhet\u0151 telep\u00fcl\u00e9sek kialak\u00edt\u00e1sa\u201d VP6-19.2.1.-29-3-17 A projekt c\u00edme: P\u00e9terv\u00e1s\u00e1ra v\u00e1ros, mint \u00e9lhet\u0151&hellip;\n","protected":false},"author":1,"featured_media":10583,"comment_status":"closed","ping_status":"open","sticky":false,"template":"","format":"standard","meta":{"footnotes":""},"categories":[2],"tags":[205,50,43],"views":3408,"_links":{"self":[{"href":"https:\/\/www.petervasara.hu\/2013\/index.php?rest_route=\/wp\/v2\/posts\/10579"}],"collection":[{"href":"https:\/\/www.petervasara.hu\/2013\/index.php?rest_route=\/wp\/v2\/posts"}],"about":[{"href":"https:\/\/www.petervasara.hu\/2013\/index.php?rest_route=\/wp\/v2\/types\/post"}],"author":[{"embeddable":true,"href":"https:\/\/www.petervasara.hu\/2013\/index.php?rest_route=\/wp\/v2\/users\/1"}],"replies":[{"embeddable":true,"href":"https:\/\/www.petervasara.hu\/2013\/index.php?rest_route=%2Fwp%2Fv2%2Fcomments&post=10579"}],"version-history":[{"count":1,"href":"https:\/\/www.petervasara.hu\/2013\/index.php?rest_route=\/wp\/v2\/posts\/10579\/revisions"}],"predecessor-version":[{"id":10582,"href":"https:\/\/www.petervasara.hu\/2013\/index.php?rest_route=\/wp\/v2\/posts\/10579\/revisions\/10582"}],"wp:featuredmedia":[{"embeddable":true,"href":"https:\/\/www.petervasara.hu\/2013\/index.php?rest_route=\/wp\/v2\/media\/10583"}],"wp:attachment":[{"href":"https:\/\/www.petervasara.hu\/2013\/index.php?rest_route=%2Fwp%2Fv2%2Fmedia&parent=10579"}],"wp:term":[{"taxonomy":"category","embeddable":true,"href":"https:\/\/www.petervasara.hu\/2013\/index.php?rest_route=%2Fwp%2Fv2%2Fcategories&post=10579"},{"taxonomy":"post_tag","embeddable":true,"href":"https:\/\/www.petervasara.hu\/2013\/index.php?rest_route=%2Fwp%2Fv2%2Ftags&post=10579"}],"curies":[{"name":"wp","href":"https:\/\/api.w.org\/{rel}","templated":true}]}}