{"id":10477,"date":"2020-11-11T08:57:00","date_gmt":"2020-11-11T07:57:00","guid":{"rendered":"http:\/\/www.petervasara.hu\/2013\/?p=10477"},"modified":"2020-11-11T11:15:24","modified_gmt":"2020-11-11T10:15:24","slug":"koronavirus-informaciok-egy-helyen-utoljara-frissitve-szeptember-22","status":"publish","type":"post","link":"https:\/\/www.petervasara.hu\/2013\/?p=10477","title":{"rendered":"Koronav\u00edrus inform\u00e1ci\u00f3k egy helyen (utolj\u00e1ra friss\u00edtve: november 11.)"},"content":{"rendered":"\n<p><strong>Tisztelt P\u00e9terv\u00e1s\u00e1raiak!<\/strong><\/p>\n\n\n\n<p class=\"has-luminous-vivid-amber-background-color has-background\">T\u00e1j\u00e9koztatom a v\u00e1ros lakoss\u00e1g\u00e1t, hogy a Korm\u00e1ny \u00e9s az Operat\u00edv T\u00f6rzs <strong>2020. november 11-t\u0151l \u00e9letbe l\u00e9p\u0151 int\u00e9zked\u00e9sei<\/strong>re tekintettel a koronav\u00edrus j\u00e1rv\u00e1ny\u00fcgyi korl\u00e1toz\u00e1sa \u00e9rdek\u00e9ben az al\u00e1bbi int\u00e9zked\u00e9seket hozom meg:<\/p>\n\n\n\n<p>1<strong>. Az \u00f3vod\u00e1ban \u00e9s b\u00f6lcs\u0151d\u00e9ben a bel\u00e9ptet\u00e9s a m\u00e1r elrendelt \u00e9s megismert form\u00e1ban m\u0171k\u00f6dik tov\u00e1bb. <\/strong>K\u00e9rem, hogy az a sz\u00fcl\u0151, aki mag\u00e1n vagy gyermek\u00e9n fert\u0151z\u00e9s t\u00fcnet\u00e9t \u00e9szleli, <strong>ne vigye az int\u00e9zm\u00e9nybe gyermek\u00e9t<\/strong>. Az \u00f3vod\u00e1ba, b\u00f6lcs\u0151d\u00e9be kiz\u00e1r\u00f3lag eg\u00e9szs\u00e9ges gyermeket hozhatnak a sz\u00fcl\u0151k.<\/p>\n\n\n\n<p>2. Az Eg\u00e9szs\u00e9g\u00fcgyi K\u00f6zpontban a rendel\u0151ben val\u00f3 v\u00e1rakoz\u00e1s nem enged\u00e9lyezett. <strong>Az orvosi, fogorvosi ell\u00e1t\u00e1sra v\u00e1r\u00f3k kiz\u00e1r\u00f3lag az int\u00e9zm\u00e9ny el\u0151tt \u2013 egym\u00e1st\u00f3l megfelel\u0151 t\u00e1vols\u00e1gban \u2013 v\u00e1rakozhatnak<\/strong>. Az orvosi rendel\u0151 el\u0151tti v\u00e1r\u00f3kban kiz\u00e1r\u00f3lag csak 1 szem\u00e9ly, gyermekorvosi v\u00e1r\u00f3ban 1 gyerek+1 hozz\u00e1tartoz\u00f3 v\u00e1rakozhat. A betegek sorsz\u00e1mot fognak kapni az orvost\u00f3l.<\/p>\n\n\n\n<p>3. 2020. november 11-t\u0151l a Sz\u00e1nt\u00f3 Vezek\u00e9nyi Istv\u00e1n M\u0171vel\u0151d\u00e9s H\u00e1z\u00e1t \u00e9s K\u00f6nyvt\u00e1rat <strong>30 napra bez\u00e1rom.<\/strong><\/p>\n\n\n\n<p>4. A P\u00e9terv\u00e1s\u00e1rai Id\u0151skor\u00faak Otthon\u00e1ban tov\u00e1bbra is teljes l\u00e1togat\u00e1si tilalom van \u00e9rv\u00e9nyben \u00e9s az int\u00e9zm\u00e9nyb\u0151l val\u00f3 kij\u00e1r\u00e1s is tilos.<\/p>\n\n\n\n<p>5. <strong>Nyomat\u00e9kosan megk\u00e9rem az id\u0151skor\u00fa lakoss\u00e1got<\/strong>, hogy feleslegesen ne hagyj\u00e1k el otthonaikat \u00e9s csak a l\u00e9tfenntart\u00e1shoz sz\u00fcks\u00e9ges dolgok (pl.: \u00e9lelmiszer, gy\u00f3gyszert\u00e1r) beszerz\u00e9s\u00e9t int\u00e9zz\u00e9k szem\u00e9lyesen. Amennyiben ell\u00e1t\u00e1suk seg\u00edt\u00e9s\u00e9hez nincs el\u00e9rhet\u0151 hozz\u00e1tartoz\u00f3juk, abban az esetben keress\u00e9k az Aranykapu Hum\u00e1n Szolg\u00e1ltat\u00f3 K\u00f6zpontot, a P\u00e9terv\u00e1s\u00e1rai \u00d6nkorm\u00e1nyzati Hivatalt vagy engem szem\u00e9lyesen \u00e9s gondoskodunk r\u00f3luk.<\/p>\n\n\n\n<p>6. Felh\u00edvom az \u00fcgyfelek figyelm\u00e9t arra, hogy a <strong>P\u00e9terv\u00e1s\u00e1rai K\u00f6z\u00f6s \u00d6nkorm\u00e1nyzati Hivatal 2020. november 11-t\u0151l \u00fcgyeleti szinten m\u0171k\u00f6dik. \u00dcgyint\u00e9z\u00e9s elektronikus \u00faton, <\/strong><strong>telefonon vagy e-mail-ben t\u00f6rt\u00e9nik az al\u00e1bbi el\u00e9rhet\u0151s\u00e9geken: 06-36\/568-036, 06-36\/568-037, <\/strong><a href=\"mailto:hivatal@petervasara.hu\"><strong>hivatal@petervasara.hu<\/strong><\/a><strong>, <\/strong><a href=\"mailto:titkarsag@petervasara.hu\"><strong>titkarsag@petervasara.hu<\/strong><\/a>, illetve el\u0151zetes telefonos egyeztet\u00e9s alapj\u00e1n SZERDA NAPON 9.00-10.00 \u00f3ra k\u00f6z\u00f6tti id\u0151ben.<\/p>\n\n\n\n<p>Az \u00fcgyint\u00e9z\u00e9sre v\u00e1r\u00f3 \u00fcgyfelek az int\u00e9zm\u00e9ny el\u0151tt \u2013 egym\u00e1st\u00f3l megfelel\u0151 t\u00e1vols\u00e1gban \u2013 v\u00e1rakozhatnak.<\/p>\n\n\n\n<p><strong>Felh\u00edvom a v\u00e1ros lakoss\u00e1g\u00e1nak figyelm\u00e9t,<\/strong> hogy szem\u00e9lyesen a Hivatalt <strong>kiz\u00e1r\u00f3lag a s\u00fcrg\u0151s \u00e9s halaszthatatlan esetekben,<\/strong> valamint <strong>15 percn\u00e9l hosszabb \u00fcgyint\u00e9z\u00e9si id\u0151t nem ig\u00e9nyl\u0151 \u00fcgyekben keress\u00e9k fel.<\/strong><\/p>\n\n\n\n<p>7. A v\u00e1ros eg\u00e9sz ter\u00fclet\u00e9n a rendezv\u00e9nyek megtart\u00e1sa tilos.<\/p>\n\n\n\n<p>8. A piacon maszk haszn\u00e1lata k\u00f6telez\u0151, emellett sz\u00fcks\u00e9ges betartani az egym\u00e1st\u00f3l val\u00f3 v\u00e9d\u0151t\u00e1vols\u00e1got \u2013 1,5 m\u00e9ter &#8211; is.<\/p>\n\n\n\n<p>9. A j\u00e1rv\u00e1nyra tekintettel<strong> minden \u00f6nkorm\u00e1nyzati int\u00e9zm\u00e9nybe val\u00f3 bel\u00e9p\u00e9skor k\u00f6telez\u0151 a maszk \u00e9s a k\u00e9zfert\u0151tlen\u00edt\u0151 haszn\u00e1lata.<\/strong><\/p>\n\n\n\n<p><strong>Neh\u00e9z id\u0151szak k\u00f6vetkezik most mindannyiunk \u00e9let\u00e9ben, de \u00f6sszefog\u00e1ssal, k\u00f6z\u00f6sen t\u00fallend\u00fcl\u00fcnk rajta. K\u00e9rd\u00e9s, k\u00e9r\u00e9s eset\u00e9n \u00e1llunk rendelkez\u00e9s\u00fckre a fenti el\u00e9rhet\u0151s\u00e9gek valamelyik\u00e9n vagy szem\u00e9lyesen is.<\/strong><\/p>\n\n\n\n<p>Meg\u00e9rt\u00e9s\u00fcket \u00e9s egy\u00fcttm\u0171k\u00f6d\u0151 k\u00f6zrem\u0171k\u00f6d\u00e9s\u00fcket k\u00f6sz\u00f6nj\u00fck!<\/p>\n\n\n\n<p><strong>Vigy\u00e1zzunk egym\u00e1sra!<\/strong><\/p>\n\n\n\n<p>Tisztelettel: <strong>Eged Istv\u00e1n<\/strong>\u00a0&#8211; polg\u00e1rmester<\/p>\n\n\n\n<h3 id=\"regebbi-hirdetmenyeink\" class=\"wp-block-heading\">R\u00e9gebbi hirdetm\u00e9nyeink:<\/h3>\n\n\n\n<p><a href=\"http:\/\/www.petervasara.hu\/2013\/wp-content\/uploads\/2020\/10\/okmanyok.pdf\">T\u00e1j\u00e9koztat\u00e1s lej\u00e1rt okm\u00e1nyok \u00e9rv\u00e9nyess\u00e9g\u00e9r\u0151l<\/a><\/p>\n\n\n\n<p><a rel=\"noreferrer noopener\" href=\"http:\/\/www.petervasara.hu\/2013\/?p=10462\" target=\"_blank\">J\u00e1rv\u00e1ny\u00fcgyi int\u00e9zked\u00e9sek az eg\u00e9szs\u00e9g\u00fcgyi k\u00f6zpontn\u00e1l<\/a><\/p>\n\n\n\n<p><a rel=\"noreferrer noopener\" href=\"http:\/\/www.petervasara.hu\/2013\/?p=10453\" target=\"_blank\">L\u00e1togat\u00e1si tilalom az id\u0151sek otthon\u00e1ban<\/a><\/p>\n\n\n\n<p><a href=\"http:\/\/www.petervasara.hu\/2013\/?p=9268\">Rendel\u00e9si id\u0151 v\u00e1ltoz\u00e1sok, okt\u00f3beri gyermekorvosi rendel\u00e9si id\u0151pontok<\/a> <\/p>\n\n\n\n<p><a href=\"http:\/\/www.petervasara.hu\/2013\/wp-content\/uploads\/2012\/12\/Szuloi-tajekoztato-2020.09.21.pdf\" target=\"_blank\" rel=\"noreferrer noopener\">Sz\u00fcl\u0151i t\u00e1j\u00e9koztat\u00f3 a gyermekorvosi rendel\u00e9sr\u0151l<\/a><\/p>\n","protected":false},"excerpt":{"rendered":"Tisztelt P\u00e9terv\u00e1s\u00e1raiak! T\u00e1j\u00e9koztatom a v\u00e1ros lakoss\u00e1g\u00e1t, hogy a Korm\u00e1ny \u00e9s az Operat\u00edv T\u00f6rzs 2020. november 11-t\u0151l \u00e9letbe l\u00e9p\u0151&hellip;\n","protected":false},"author":1,"featured_media":10479,"comment_status":"closed","ping_status":"open","sticky":false,"template":"","format":"standard","meta":{"footnotes":""},"categories":[2],"tags":[203],"views":1881,"_links":{"self":[{"href":"https:\/\/www.petervasara.hu\/2013\/index.php?rest_route=\/wp\/v2\/posts\/10477"}],"collection":[{"href":"https:\/\/www.petervasara.hu\/2013\/index.php?rest_route=\/wp\/v2\/posts"}],"about":[{"href":"https:\/\/www.petervasara.hu\/2013\/index.php?rest_route=\/wp\/v2\/types\/post"}],"author":[{"embeddable":true,"href":"https:\/\/www.petervasara.hu\/2013\/index.php?rest_route=\/wp\/v2\/users\/1"}],"replies":[{"embeddable":true,"href":"https:\/\/www.petervasara.hu\/2013\/index.php?rest_route=%2Fwp%2Fv2%2Fcomments&post=10477"}],"version-history":[{"count":7,"href":"https:\/\/www.petervasara.hu\/2013\/index.php?rest_route=\/wp\/v2\/posts\/10477\/revisions"}],"predecessor-version":[{"id":10565,"href":"https:\/\/www.petervasara.hu\/2013\/index.php?rest_route=\/wp\/v2\/posts\/10477\/revisions\/10565"}],"wp:featuredmedia":[{"embeddable":true,"href":"https:\/\/www.petervasara.hu\/2013\/index.php?rest_route=\/wp\/v2\/media\/10479"}],"wp:attachment":[{"href":"https:\/\/www.petervasara.hu\/2013\/index.php?rest_route=%2Fwp%2Fv2%2Fmedia&parent=10477"}],"wp:term":[{"taxonomy":"category","embeddable":true,"href":"https:\/\/www.petervasara.hu\/2013\/index.php?rest_route=%2Fwp%2Fv2%2Fcategories&post=10477"},{"taxonomy":"post_tag","embeddable":true,"href":"https:\/\/www.petervasara.hu\/2013\/index.php?rest_route=%2Fwp%2Fv2%2Ftags&post=10477"}],"curies":[{"name":"wp","href":"https:\/\/api.w.org\/{rel}","templated":true}]}}