{"id":10453,"date":"2020-09-08T15:39:26","date_gmt":"2020-09-08T13:39:26","guid":{"rendered":"http:\/\/www.petervasara.hu\/2013\/?p=10453"},"modified":"2020-09-08T15:55:36","modified_gmt":"2020-09-08T13:55:36","slug":"latogatasi-tilalom-a-szocialis-intezmenyekben","status":"publish","type":"post","link":"https:\/\/www.petervasara.hu\/2013\/?p=10453","title":{"rendered":"L\u00e1togat\u00e1si tilalom a szoci\u00e1lis int\u00e9zm\u00e9nyekben"},"content":{"rendered":"\n<p>Szeptember 8. nappal az orsz\u00e1gos tiszti f\u0151orvos minden Magyarorsz\u00e1gi szakos\u00edtott ell\u00e1t\u00e1st ny\u00fajt\u00f3 szoci\u00e1lis int\u00e9zm\u00e9nyben l\u00e1togat\u00e1si tilalmat rendelt el.<\/p>\n\n\n\n<p><a href=\"http:\/\/www.petervasara.hu\/2013\/wp-content\/uploads\/2020\/09\/latogatasi-tilalom-elrendelese-idosek-otthona.pdf\" target=\"_blank\" rel=\"noreferrer noopener\">Let\u00f6lthet\u0151 hat\u00e1rozat<\/a><\/p>\n\n\n\n<p class=\"has-luminous-vivid-amber-background-color has-background\"><strong>A hat\u00e1rozat alapj\u00e1n v\u00e1rosunkban, az Id\u0151skor\u00faak Otthon\u00e1ban a l\u00e1togat\u00e1s ett\u0151l a napt\u00f3l visszavon\u00e1sig TILOS !<\/strong><\/p>\n","protected":false},"excerpt":{"rendered":"Szeptember 8. nappal az orsz\u00e1gos tiszti f\u0151orvos minden Magyarorsz\u00e1gi szakos\u00edtott ell\u00e1t\u00e1st ny\u00fajt\u00f3 szoci\u00e1lis int\u00e9zm\u00e9nyben l\u00e1togat\u00e1si tilalmat rendelt el.&hellip;\n","protected":false},"author":1,"featured_media":10459,"comment_status":"closed","ping_status":"open","sticky":false,"template":"","format":"standard","meta":{"footnotes":""},"categories":[2],"tags":[205,203],"views":1105,"_links":{"self":[{"href":"https:\/\/www.petervasara.hu\/2013\/index.php?rest_route=\/wp\/v2\/posts\/10453"}],"collection":[{"href":"https:\/\/www.petervasara.hu\/2013\/index.php?rest_route=\/wp\/v2\/posts"}],"about":[{"href":"https:\/\/www.petervasara.hu\/2013\/index.php?rest_route=\/wp\/v2\/types\/post"}],"author":[{"embeddable":true,"href":"https:\/\/www.petervasara.hu\/2013\/index.php?rest_route=\/wp\/v2\/users\/1"}],"replies":[{"embeddable":true,"href":"https:\/\/www.petervasara.hu\/2013\/index.php?rest_route=%2Fwp%2Fv2%2Fcomments&post=10453"}],"version-history":[{"count":2,"href":"https:\/\/www.petervasara.hu\/2013\/index.php?rest_route=\/wp\/v2\/posts\/10453\/revisions"}],"predecessor-version":[{"id":10458,"href":"https:\/\/www.petervasara.hu\/2013\/index.php?rest_route=\/wp\/v2\/posts\/10453\/revisions\/10458"}],"wp:featuredmedia":[{"embeddable":true,"href":"https:\/\/www.petervasara.hu\/2013\/index.php?rest_route=\/wp\/v2\/media\/10459"}],"wp:attachment":[{"href":"https:\/\/www.petervasara.hu\/2013\/index.php?rest_route=%2Fwp%2Fv2%2Fmedia&parent=10453"}],"wp:term":[{"taxonomy":"category","embeddable":true,"href":"https:\/\/www.petervasara.hu\/2013\/index.php?rest_route=%2Fwp%2Fv2%2Fcategories&post=10453"},{"taxonomy":"post_tag","embeddable":true,"href":"https:\/\/www.petervasara.hu\/2013\/index.php?rest_route=%2Fwp%2Fv2%2Ftags&post=10453"}],"curies":[{"name":"wp","href":"https:\/\/api.w.org\/{rel}","templated":true}]}}