{"id":10450,"date":"2020-09-08T08:31:22","date_gmt":"2020-09-08T06:31:22","guid":{"rendered":"http:\/\/www.petervasara.hu\/2013\/?p=10450"},"modified":"2020-09-08T08:31:25","modified_gmt":"2020-09-08T06:31:25","slug":"tanevkezdesi-tamogatas-2020","status":"publish","type":"post","link":"https:\/\/www.petervasara.hu\/2013\/?p=10450","title":{"rendered":"Tan\u00e9vkezd\u00e9si t\u00e1mogat\u00e1s 2020."},"content":{"rendered":"\n<p>P\u00e9terv\u00e1s\u00e1ra V\u00e1ros \u00d6nkorm\u00e1nyzat K\u00e9pvisel\u0151test\u00fclete a Szoci\u00e1lis, M\u0171vel\u0151d\u00e9si \u00e9s Oktat\u00e1si Bizotts\u00e1g javaslata alapj\u00e1n a tan\u00e9vkezd\u00e9si t\u00e1mogat\u00e1st a 2020\/2021-es tan\u00e9vben az al\u00e1bbiak szerint hat\u00e1rozza meg:<\/p>\n\n\n\n<p>1. Az \u00f6nkorm\u00e1nyzat a p\u00e9terv\u00e1s\u00e1rai lak\u00f3hely\u0171,<\/p>\n\n\n\n<p><strong>&#8211; \u00e1ltal\u00e1nos iskol\u00e1sokat 5.000,-Ft\/f\u0151,<\/strong><\/p>\n\n\n\n<p><strong>&#8211; kiz\u00e1r\u00f3lag nappali munkarend szerinti k\u00f6z\u00e9piskol\u00e1s tanul\u00f3kat 10.000,-Ft\/f\u0151, illetve<\/strong><\/p>\n\n\n\n<p><strong>&#8211; a fels\u0151oktat\u00e1sban r\u00e9sztvev\u0151 28. \u00e9let\u00e9v\u00e9t be nem t\u00f6lt\u00f6tt hallgat\u00f3kat 10.000.-Ft\/f\u0151 t\u00e1mogat\u00e1sban r\u00e9szes\u00edti, iskolal\u00e1togat\u00e1si igazol\u00e1s lead\u00e1sa mellett.<\/strong><\/p>\n\n\n\n<p>2. A tan\u00e9vkezd\u00e9si t\u00e1mogat\u00e1sok foly\u00f3s\u00edt\u00e1sa banksz\u00e1ml\u00e1ra utal\u00e1ssal vagy h\u00e1zip\u00e9nzt\u00e1ri kifizet\u00e9s \u00fatj\u00e1n t\u00f6rt\u00e9nik. A t\u00e1mogat\u00e1s ig\u00e9nybev\u00e9tel\u00e9nek hat\u00e1rideje 2020. december 31. napja.<\/p>\n\n\n\n<p>3. A K\u00e9pvisel\u0151test\u00fclet a P\u00e9terv\u00e1s\u00e1rai Napk\u00f6ziotthonos <strong>\u00d3voda \u00e9s B\u00f6lcs\u0151d\u00e9be j\u00e1r\u00f3 \u00f3vod\u00e1s kor\u00fa gyermekek ut\u00e1n 2.000,-Ft\/f\u0151 t\u00e1mogat\u00e1sban r\u00e9szes\u00edti az int\u00e9zm\u00e9nyt,<\/strong> mely t\u00e1mogat\u00e1st az \u00d3voda kiz\u00e1r\u00f3lag a gyermekek \u00f3voda kezd\u00e9s\u00e9hez sz\u00fcks\u00e9ges eszk\u00f6z\u00f6k v\u00e1s\u00e1rl\u00e1s\u00e1ra ford\u00edthatja.<\/p>\n\n\n\n<p>4. A tan\u00e9vkezd\u00e9si t\u00e1mogat\u00e1sokat a 2020. \u00e9vi \u00f6nkorm\u00e1nyzati k\u00f6lts\u00e9gvet\u00e9s telep\u00fcl\u00e9si t\u00e1mogat\u00e1s el\u0151ir\u00e1nyzata terh\u00e9re kell teljes\u00edteni.<\/p>\n","protected":false},"excerpt":{"rendered":"P\u00e9terv\u00e1s\u00e1ra V\u00e1ros \u00d6nkorm\u00e1nyzat K\u00e9pvisel\u0151test\u00fclete a Szoci\u00e1lis, M\u0171vel\u0151d\u00e9si \u00e9s Oktat\u00e1si Bizotts\u00e1g javaslata alapj\u00e1n a tan\u00e9vkezd\u00e9si t\u00e1mogat\u00e1st a 2020\/2021-es tan\u00e9vben&hellip;\n","protected":false},"author":1,"featured_media":10451,"comment_status":"closed","ping_status":"open","sticky":false,"template":"","format":"standard","meta":{"footnotes":""},"categories":[2],"tags":[205,209,208],"views":1061,"_links":{"self":[{"href":"https:\/\/www.petervasara.hu\/2013\/index.php?rest_route=\/wp\/v2\/posts\/10450"}],"collection":[{"href":"https:\/\/www.petervasara.hu\/2013\/index.php?rest_route=\/wp\/v2\/posts"}],"about":[{"href":"https:\/\/www.petervasara.hu\/2013\/index.php?rest_route=\/wp\/v2\/types\/post"}],"author":[{"embeddable":true,"href":"https:\/\/www.petervasara.hu\/2013\/index.php?rest_route=\/wp\/v2\/users\/1"}],"replies":[{"embeddable":true,"href":"https:\/\/www.petervasara.hu\/2013\/index.php?rest_route=%2Fwp%2Fv2%2Fcomments&post=10450"}],"version-history":[{"count":1,"href":"https:\/\/www.petervasara.hu\/2013\/index.php?rest_route=\/wp\/v2\/posts\/10450\/revisions"}],"predecessor-version":[{"id":10452,"href":"https:\/\/www.petervasara.hu\/2013\/index.php?rest_route=\/wp\/v2\/posts\/10450\/revisions\/10452"}],"wp:featuredmedia":[{"embeddable":true,"href":"https:\/\/www.petervasara.hu\/2013\/index.php?rest_route=\/wp\/v2\/media\/10451"}],"wp:attachment":[{"href":"https:\/\/www.petervasara.hu\/2013\/index.php?rest_route=%2Fwp%2Fv2%2Fmedia&parent=10450"}],"wp:term":[{"taxonomy":"category","embeddable":true,"href":"https:\/\/www.petervasara.hu\/2013\/index.php?rest_route=%2Fwp%2Fv2%2Fcategories&post=10450"},{"taxonomy":"post_tag","embeddable":true,"href":"https:\/\/www.petervasara.hu\/2013\/index.php?rest_route=%2Fwp%2Fv2%2Ftags&post=10450"}],"curies":[{"name":"wp","href":"https:\/\/api.w.org\/{rel}","templated":true}]}}