{"id":10312,"date":"2020-05-11T13:00:04","date_gmt":"2020-05-11T11:00:04","guid":{"rendered":"http:\/\/www.petervasara.hu\/2013\/?p=10312"},"modified":"2020-05-11T13:00:53","modified_gmt":"2020-05-11T11:00:53","slug":"tovabb-egyszerusodik-az-ugyintezes","status":"publish","type":"post","link":"https:\/\/www.petervasara.hu\/2013\/?p=10312","title":{"rendered":"Tov\u00e1bb egyszer\u0171s\u00f6dik az \u00fcgyint\u00e9z\u00e9s"},"content":{"rendered":"\n<p>A koronav\u00edrus-j\u00e1rv\u00e1ny elleni v\u00e9dekez\u00e9s r\u00e9szek\u00e9nt \u00fajabb korm\u00e1nyzati int\u00e9zked\u00e9s seg\u00edti az \u00e1llampolg\u00e1rok eg\u00e9szs\u00e9g\u00e9nek v\u00e9delm\u00e9t \u00e9s a v\u00e1llalkoz\u00e1sok m\u0171k\u00f6d\u00e9s\u00e9t. <strong>A hat\u00f3s\u00e1gi enged\u00e9lyez\u00e9s helyett bejelent\u00e9ssel is v\u00e9gezhet\u0151 lesz a legt\u00f6bb tev\u00e9kenys\u00e9g,<\/strong> ez\u00e1ltal is cs\u00f6kkenti a korm\u00e1ny az \u00fcgyint\u00e9z\u0151-\u00fcgyf\u00e9l tal\u00e1lkoz\u00e1sok sz\u00e1m\u00e1t, valamint a v\u00e1llalkoz\u00e1sok adminisztr\u00e1ci\u00f3s terheit. A b\u00fcrokr\u00e1ciacs\u00f6kkent\u0151 int\u00e9zked\u00e9snek k\u00f6sz\u00f6nhet\u0151en ak\u00e1r a bejelent\u00e9st\u0151l sz\u00e1m\u00edtott kilencedik napt\u00f3l szabadon elkezdhet\u0151 lesz a k\u00edv\u00e1nt tev\u00e9kenys\u00e9g.<\/p>\n\n\n\n<p><a rel=\"noreferrer noopener\" href=\"https:\/\/koronavirus.gov.hu\/cikkek\/jarvany-miatt-tovabb-egyszerusiti-kormany-lakossagi-es-vallalati-ugyintezest\" target=\"_blank\">B\u0151vebben a koronavirus.gov.hu oldalon olvashat az int\u00e9zked\u00e9sr\u0151l<\/a><\/p>\n\n\n\n<p>A vesz\u00e9lyhelyzet alatti enged\u00e9lyk\u00f6telezetts\u00e9gr\u0151l, valamint az ellen\u0151rz\u00f6tt bejelent\u00e9sr\u0151l sz\u00f3l\u00f3 191\/2020. (V.8.) Korm. rendelet 3. \u00a7 (1) bekezd\u00e9se alapj\u00e1n az enged\u00e9lyk\u00f6teles tev\u00e9kenys\u00e9gek bejelent\u00e9seinek fogad\u00e1s\u00e1ra az al\u00e1bbi e-mail c\u00edm szolg\u00e1l:<\/p>\n\n\n\n<p class=\"has-background has-luminous-vivid-amber-background-color\"><strong>bejelentes[kukac]petervasara.hu<\/strong><\/p>\n","protected":false},"excerpt":{"rendered":"A koronav\u00edrus-j\u00e1rv\u00e1ny elleni v\u00e9dekez\u00e9s r\u00e9szek\u00e9nt \u00fajabb korm\u00e1nyzati int\u00e9zked\u00e9s seg\u00edti az \u00e1llampolg\u00e1rok eg\u00e9szs\u00e9g\u00e9nek v\u00e9delm\u00e9t \u00e9s a v\u00e1llalkoz\u00e1sok m\u0171k\u00f6d\u00e9s\u00e9t. A hat\u00f3s\u00e1gi enged\u00e9lyez\u00e9s helyett bejelent\u00e9ssel is v\u00e9gezhet\u0151 lesz a legt\u00f6bb tev\u00e9kenys\u00e9g.\n","protected":false},"author":1,"featured_media":10314,"comment_status":"closed","ping_status":"open","sticky":false,"template":"","format":"standard","meta":{"footnotes":""},"categories":[2],"tags":[203],"views":875,"_links":{"self":[{"href":"https:\/\/www.petervasara.hu\/2013\/index.php?rest_route=\/wp\/v2\/posts\/10312"}],"collection":[{"href":"https:\/\/www.petervasara.hu\/2013\/index.php?rest_route=\/wp\/v2\/posts"}],"about":[{"href":"https:\/\/www.petervasara.hu\/2013\/index.php?rest_route=\/wp\/v2\/types\/post"}],"author":[{"embeddable":true,"href":"https:\/\/www.petervasara.hu\/2013\/index.php?rest_route=\/wp\/v2\/users\/1"}],"replies":[{"embeddable":true,"href":"https:\/\/www.petervasara.hu\/2013\/index.php?rest_route=%2Fwp%2Fv2%2Fcomments&post=10312"}],"version-history":[{"count":2,"href":"https:\/\/www.petervasara.hu\/2013\/index.php?rest_route=\/wp\/v2\/posts\/10312\/revisions"}],"predecessor-version":[{"id":10315,"href":"https:\/\/www.petervasara.hu\/2013\/index.php?rest_route=\/wp\/v2\/posts\/10312\/revisions\/10315"}],"wp:featuredmedia":[{"embeddable":true,"href":"https:\/\/www.petervasara.hu\/2013\/index.php?rest_route=\/wp\/v2\/media\/10314"}],"wp:attachment":[{"href":"https:\/\/www.petervasara.hu\/2013\/index.php?rest_route=%2Fwp%2Fv2%2Fmedia&parent=10312"}],"wp:term":[{"taxonomy":"category","embeddable":true,"href":"https:\/\/www.petervasara.hu\/2013\/index.php?rest_route=%2Fwp%2Fv2%2Fcategories&post=10312"},{"taxonomy":"post_tag","embeddable":true,"href":"https:\/\/www.petervasara.hu\/2013\/index.php?rest_route=%2Fwp%2Fv2%2Ftags&post=10312"}],"curies":[{"name":"wp","href":"https:\/\/api.w.org\/{rel}","templated":true}]}}